{"id":7781,"date":"2026-05-15T09:00:00","date_gmt":"2026-05-15T09:00:00","guid":{"rendered":"https:\/\/image-de-marques-44.com\/blog\/?p=7781"},"modified":"2026-07-01T11:39:02","modified_gmt":"2026-07-01T09:39:02","slug":"image-de-soi","status":"publish","type":"post","link":"https:\/\/image-de-marques-44.com\/blog\/articles\/image-de-soi\/","title":{"rendered":"Image de Soi : D\u00e9veloppement Pro 2026"},"content":{"rendered":"<p>L\u2019image de soi est un concept crucial pour le d\u00e9veloppement personnel et professionnel. En 2026, la perception que vous avez de vous-m\u00eame influence non seulement vos relations interpersonnelles, mais aussi vos opportunit\u00e9s professionnelles. Une image de soi positive peut augmenter votre confiance en vous et, par cons\u00e9quent, votre capacit\u00e9 \u00e0 r\u00e9ussir dans divers domaines.<\/p>\n<p>Les recherches montrent qu\u2019environ <strong>80 % des professionnels<\/strong> estiment que l\u2019image de soi impacte directement leur carri\u00e8re. Ainsi, comprendre comment am\u00e9liorer cette image peut \u00eatre un levier puissant pour atteindre vos objectifs.<\/p>\n<h2>Qu\u2019est-ce que l\u2019image de soi ?<\/h2>\n<p>L\u2019image de soi d\u00e9signe la perception que vous avez de vous-m\u00eame, influenc\u00e9e par des facteurs internes (pens\u00e9es, \u00e9motions) et externes (retours d\u2019autrui, exp\u00e9riences). Elle se compose de plusieurs \u00e9l\u00e9ments :<\/p>\n<ul>\n<li><strong>Estime de soi<\/strong> : Appr\u00e9ciation personnelle et confiance en ses capacit\u00e9s.<\/li>\n<li><strong>Identit\u00e9 sociale<\/strong> : Comment vous vous d\u00e9finissez par rapport aux autres (r\u00f4le professionnel, appartenance \u00e0 un groupe).<\/li>\n<li><strong>Perception corporelle<\/strong> : Comment vous voyez votre apparence physique.<\/li>\n<\/ul>\n<p>Ces composantes interagissent pour fa\u00e7onner votre comportement et vos interactions avec autrui.<\/p>\n<h2>Les enjeux d\u2019une image de soi positive<\/h2>\n<h3>Impact sur la carri\u00e8re<\/h3>\n<p>Une image de soi positive favorise une meilleure performance au travail. En 2026, les entreprises investissent en moyenne <strong>1 200 \u20ac par employ\u00e9<\/strong> dans des programmes de d\u00e9veloppement personnel. Ces initiatives visent \u00e0 renforcer la confiance des employ\u00e9s, augmentant ainsi la productivit\u00e9 et la satisfaction au travail.<\/p>\n<h3>Relations interpersonnelles<\/h3>\n<p>L\u2019image que l\u2019on projette influence les relations personnelles. Selon une \u00e9tude men\u00e9e en 2025, <strong>70 % des individus<\/strong> ayant travaill\u00e9 sur leur image de soi ont constat\u00e9 une am\u00e9lioration significative dans leurs interactions sociales. Cela se traduit par des amiti\u00e9s plus solides et un meilleur r\u00e9seau professionnel.<\/p>\n<h2>Comment am\u00e9liorer son image de soi ?<\/h2>\n<h3>Strat\u00e9gies pratiques<\/h3>\n<p>Voici quelques actions concr\u00e8tes pour travailler sur votre image de soi :<\/p>\n<ol>\n<li><strong>Auto-r\u00e9flexion<\/strong> : Prenez le temps d\u2019\u00e9valuer vos points forts et vos axes d\u2019am\u00e9lioration.<\/li>\n<li><strong>Formation continue<\/strong> : Investissez dans des formations ou ateliers qui renforcent vos comp\u00e9tences.<\/li>\n<li><strong>Feedback constructif<\/strong> : Sollicitez l\u2019avis d\u2019amis ou coll\u00e8gues sur votre comportement et votre attitude.<\/li>\n<li><strong>Pratique r\u00e9guli\u00e8re<\/strong> : Int\u00e9grez des activit\u00e9s qui renforcent votre estime personnelle (sport, hobbies).<\/li>\n<\/ol>\n<h3>Exemple concret<\/h3>\n<p>Imaginons Alice, une professionnelle du marketing qui a d\u00e9cid\u00e9 de travailler sur son image de soi en 2025. Elle a suivi un programme de coaching co\u00fbtant environ <strong>600 \u20ac<\/strong>, lui permettant d\u2019acqu\u00e9rir des comp\u00e9tences en communication non verbale et gestion du stress. R\u00e9sultat ? En 2026, elle a re\u00e7u une promotion avec une augmentation salariale de <strong>15 %<\/strong>, attribu\u00e9e \u00e0 sa nouvelle confiance en elle.<\/p>\n<h2>Pi\u00e8ge \u00e0 \u00e9viter<\/h2>\n<p>Un pi\u00e8ge courant est la comparaison constante avec les autres. S\u2019attarder sur les succ\u00e8s des autres peut nuire \u00e0 votre estime personnelle. Au lieu de cela, concentrez-vous sur vos progr\u00e8s individuels et c\u00e9l\u00e9brez chaque petite victoire.<\/p>\n<h2>Co\u00fbts associ\u00e9s au d\u00e9veloppement personnel<\/h2>\n<p>Le budget d\u00e9di\u00e9 au d\u00e9veloppement personnel varie selon les m\u00e9thodes choisies :<\/p>\n<table class=\"kwdbank-table\">\n<thead>\n<tr>\n<th>M\u00e9thode<\/th>\n<th>Co\u00fbt estim\u00e9<\/th>\n<\/tr>\n<\/thead>\n<tbody>\n<tr>\n<td>Coaching individuel<\/td>\n<td>600 &#8211; 1 200 \u20ac<\/td>\n<\/tr>\n<tr>\n<td>Ateliers en groupe<\/td>\n<td>200 &#8211; 500 \u20ac<\/td>\n<\/tr>\n<tr>\n<td>Cours en ligne<\/td>\n<td>50 &#8211; 300 \u20ac<\/td>\n<\/tr>\n<tr>\n<td>Livres et ressources<\/td>\n<td>20 &#8211; 50 \u20ac<\/td>\n<\/tr>\n<\/tbody>\n<\/table>\n<p>Ces investissements peuvent avoir un retour significatif sur le long terme en termes d\u2019opportunit\u00e9s professionnelles.<\/p>\n<h2>FAQ<\/h2>\n<h3>Quelle est l\u2019importance de l\u2019image de soi ?<\/h3>\n<p>L\u2019image de soi influence vos interactions sociales, votre estime personnelle et vos opportunit\u00e9s professionnelles.<\/p>\n<h3>Comment savoir si j\u2019ai une bonne image de moi ?<\/h3>\n<p>Une bonne image se traduit par une confiance en vous lors des interactions sociales et professionnelles ainsi qu\u2019une satisfaction personnelle.<\/p>\n<h3>Quels sont les signes d\u2019une mauvaise image de soi ?<\/h3>\n<p>Des sentiments fr\u00e9quents d\u2019insatisfaction personnelle, une anxi\u00e9t\u00e9 sociale accrue ou une r\u00e9ticence \u00e0 prendre des risques peuvent indiquer une mauvaise image.<\/p>\n<h3>Peut-on am\u00e9liorer son image de soi ?<\/h3>\n<p>Oui, avec du travail personnel, comme la formation continue et l\u2019auto-r\u00e9flexion, il est possible d\u2019am\u00e9liorer son image de soi.<\/p>\n<h3>Quels sont les outils pour travailler son image ?<\/h3>\n<p>Les outils incluent le coaching personnel, les ateliers interactifs et diverses ressources \u00e9ducatives comme des livres ou des cours en ligne.<\/p>\n<p>En agissant maintenant pour am\u00e9liorer votre image de soi, vous ouvrez la porte \u00e0 davantage d\u2019opportunit\u00e9s professionnelles et personnelles dans les ann\u00e9es \u00e0 venir.<\/p>\n<hr>\n<div class=\"articles-lies\">\n<h3>&Agrave; lire aussi<\/h3>\n<ul>\n<li><a href=\"https:\/\/image-de-marques-44.com\/blog\/articles\/marque-t\/\">Marque T : Strat\u00e9gies Branding 2026<\/a><\/li>\n<li><a href=\"https:\/\/image-de-marques-44.com\/blog\/articles\/marqueting-fr\/\">Marketing.fr : Strat\u00e9gies Digital 2026 Guide<\/a><\/li>\n<li><a href=\"https:\/\/image-de-marques-44.com\/blog\/articles\/marque-en-a\/\">Marque en A : Liste Compl\u00e8te 2026<\/a><\/li>\n<li><a href=\"https:\/\/image-de-marques-44.com\/blog\/articles\/decathlon-les-marques\/\">Decathlon Marques : Liste Compl\u00e8te 2026<\/a><\/li>\n<\/ul>\n<\/div>\n","protected":false},"excerpt":{"rendered":"","protected":false},"author":34,"featured_media":7839,"comment_status":"open","ping_status":"open","sticky":false,"template":"","format":"standard","meta":{"_acf_changed":false,"manual_indexmenow":false,"indexmenow_id_project":0,"footnotes":""},"categories":[4693],"tags":[],"class_list":["post-7781","post","type-post","status-publish","format-standard","has-post-thumbnail","hentry","category-articles","generate-columns","tablet-grid-50","mobile-grid-100","grid-parent","grid-25"],"acf":[],"yoast_head":"<!-- This site is optimized with the Yoast SEO Premium plugin v21.3 (Yoast SEO v26.5) - https:\/\/yoast.com\/wordpress\/plugins\/seo\/ -->\n<title>Image de Soi : D\u00e9veloppement Pro 2026<\/title>\n<meta name=\"description\" content=\"L\u2019image de soi est un concept crucial pour le d\u00e9veloppement personnel et professionnel.\" \/>\n<meta name=\"robots\" content=\"index, follow, max-snippet:-1, max-image-preview:large, max-video-preview:-1\" \/>\n<link rel=\"canonical\" href=\"https:\/\/image-de-marques-44.com\/blog\/articles\/image-de-soi\/\" \/>\n<meta property=\"og:locale\" content=\"fr_FR\" \/>\n<meta property=\"og:type\" content=\"article\" \/>\n<meta property=\"og:title\" content=\"Image de Soi : D\u00e9veloppement Pro 2026\" \/>\n<meta property=\"og:description\" content=\"L\u2019image de soi est un concept crucial pour le d\u00e9veloppement personnel et professionnel.\" \/>\n<meta property=\"og:url\" content=\"https:\/\/image-de-marques-44.com\/blog\/articles\/image-de-soi\/\" \/>\n<meta property=\"og:site_name\" content=\"image-de-marques-44.com\" \/>\n<meta property=\"og:image\" content=\"https:\/\/image-de-marques-44.com\/blog\/wp-content\/uploads\/2026\/06\/sdxl-8d239fb0b68ad642a96aa5b1ff77530d-scaled.png\" \/>\n\t<meta property=\"og:image:width\" content=\"1200\" \/>\n\t<meta property=\"og:image:height\" content=\"500\" \/>\n\t<meta property=\"og:image:type\" content=\"image\/png\" \/>\n<meta name=\"author\" content=\"Th\u00e9o Rouvier\" \/>\n<meta name=\"twitter:card\" content=\"summary_large_image\" \/>\n<script type=\"application\/ld+json\" class=\"yoast-schema-graph\">{\"@context\":\"https:\/\/schema.org\",\"@graph\":[{\"@type\":\"NewsArticle\",\"@id\":\"https:\/\/image-de-marques-44.com\/blog\/articles\/image-de-soi\/#article\",\"isPartOf\":{\"@id\":\"https:\/\/image-de-marques-44.com\/blog\/articles\/image-de-soi\/\"},\"author\":{\"name\":\"Th\u00e9o Rouvier\",\"@id\":\"https:\/\/image-de-marques-44.com\/blog\/#\/schema\/person\/3c864cdc320801e3db34b663e7e3f816\"},\"headline\":\"Image de Soi : D\u00e9veloppement Pro 2026\",\"datePublished\":\"2026-05-15T09:00:00+00:00\",\"dateModified\":\"2026-07-01T09:39:02+00:00\",\"mainEntityOfPage\":{\"@id\":\"https:\/\/image-de-marques-44.com\/blog\/articles\/image-de-soi\/\"},\"wordCount\":755,\"commentCount\":0,\"publisher\":{\"@id\":\"https:\/\/image-de-marques-44.com\/blog\/#organization\"},\"image\":{\"@id\":\"https:\/\/image-de-marques-44.com\/blog\/articles\/image-de-soi\/#primaryimage\"},\"thumbnailUrl\":\"https:\/\/image-de-marques-44.com\/blog\/wp-content\/uploads\/2026\/06\/sdxl-8d239fb0b68ad642a96aa5b1ff77530d-scaled.png\",\"articleSection\":[\"Articles\"],\"inLanguage\":\"fr-FR\",\"potentialAction\":[{\"@type\":\"CommentAction\",\"name\":\"Comment\",\"target\":[\"https:\/\/image-de-marques-44.com\/blog\/articles\/image-de-soi\/#respond\"]}]},{\"@type\":\"WebPage\",\"@id\":\"https:\/\/image-de-marques-44.com\/blog\/articles\/image-de-soi\/\",\"url\":\"https:\/\/image-de-marques-44.com\/blog\/articles\/image-de-soi\/\",\"name\":\"Image de Soi : D\u00e9veloppement Pro 2026\",\"isPartOf\":{\"@id\":\"https:\/\/image-de-marques-44.com\/blog\/#website\"},\"primaryImageOfPage\":{\"@id\":\"https:\/\/image-de-marques-44.com\/blog\/articles\/image-de-soi\/#primaryimage\"},\"image\":{\"@id\":\"https:\/\/image-de-marques-44.com\/blog\/articles\/image-de-soi\/#primaryimage\"},\"thumbnailUrl\":\"https:\/\/image-de-marques-44.com\/blog\/wp-content\/uploads\/2026\/06\/sdxl-8d239fb0b68ad642a96aa5b1ff77530d-scaled.png\",\"datePublished\":\"2026-05-15T09:00:00+00:00\",\"dateModified\":\"2026-07-01T09:39:02+00:00\",\"description\":\"L\u2019image de soi est un concept crucial pour le d\u00e9veloppement personnel et professionnel.\",\"inLanguage\":\"fr-FR\",\"potentialAction\":[{\"@type\":\"ReadAction\",\"target\":[\"https:\/\/image-de-marques-44.com\/blog\/articles\/image-de-soi\/\"]}]},{\"@type\":\"ImageObject\",\"inLanguage\":\"fr-FR\",\"@id\":\"https:\/\/image-de-marques-44.com\/blog\/articles\/image-de-soi\/#primaryimage\",\"url\":\"https:\/\/image-de-marques-44.com\/blog\/wp-content\/uploads\/2026\/06\/sdxl-8d239fb0b68ad642a96aa5b1ff77530d-scaled.png\",\"contentUrl\":\"https:\/\/image-de-marques-44.com\/blog\/wp-content\/uploads\/2026\/06\/sdxl-8d239fb0b68ad642a96aa5b1ff77530d-scaled.png\",\"width\":1200,\"height\":500},{\"@type\":\"WebSite\",\"@id\":\"https:\/\/image-de-marques-44.com\/blog\/#website\",\"url\":\"https:\/\/image-de-marques-44.com\/blog\/\",\"name\":\"image-de-marques-44.com\",\"description\":\"Image de Marques 44, valorisez votre identit\u00e9\",\"publisher\":{\"@id\":\"https:\/\/image-de-marques-44.com\/blog\/#organization\"},\"alternateName\":\"Image de Marques 44, valorisez votre identit\u00e9\",\"potentialAction\":[{\"@type\":\"SearchAction\",\"target\":{\"@type\":\"EntryPoint\",\"urlTemplate\":\"https:\/\/image-de-marques-44.com\/blog\/?s={search_term_string}\"},\"query-input\":{\"@type\":\"PropertyValueSpecification\",\"valueRequired\":true,\"valueName\":\"search_term_string\"}}],\"inLanguage\":\"fr-FR\"},{\"@type\":\"Organization\",\"@id\":\"https:\/\/image-de-marques-44.com\/blog\/#organization\",\"name\":\"Foretsensations.fr\",\"url\":\"https:\/\/image-de-marques-44.com\/blog\/\",\"logo\":{\"@type\":\"ImageObject\",\"inLanguage\":\"fr-FR\",\"@id\":\"https:\/\/image-de-marques-44.com\/blog\/#\/schema\/logo\/image\/\",\"url\":\"https:\/\/image-de-marques-44.com\/blog\/wp-content\/uploads\/2025\/02\/cropped-image-de-marques-44.com_.png\",\"contentUrl\":\"https:\/\/image-de-marques-44.com\/blog\/wp-content\/uploads\/2025\/02\/cropped-image-de-marques-44.com_.png\",\"width\":500,\"height\":100,\"caption\":\"Foretsensations.fr\"},\"image\":{\"@id\":\"https:\/\/image-de-marques-44.com\/blog\/#\/schema\/logo\/image\/\"}},{\"@type\":\"Person\",\"@id\":\"https:\/\/image-de-marques-44.com\/blog\/#\/schema\/person\/3c864cdc320801e3db34b663e7e3f816\",\"name\":\"Th\u00e9o Rouvier\",\"image\":{\"@type\":\"ImageObject\",\"inLanguage\":\"fr-FR\",\"@id\":\"https:\/\/image-de-marques-44.com\/blog\/#\/schema\/person\/image\/\",\"url\":\"https:\/\/image-de-marques-44.com\/blog\/wp-content\/uploads\/2025\/02\/stability-noname-administrator.png\",\"contentUrl\":\"https:\/\/image-de-marques-44.com\/blog\/wp-content\/uploads\/2025\/02\/stability-noname-administrator.png\",\"caption\":\"Th\u00e9o Rouvier\"},\"description\":\"Le web et la communication sont mon m\u00e9tier depuis une dizaine d'ann\u00e9es, entre r\u00e9daction, strat\u00e9gie de contenu et accompagnement de projets en ligne. J'\u00e9cris sur la cr\u00e9ation de site, le marketing digital, l'image de marque et le m\u00e9tier de r\u00e9dacteur web, avec l'envie de rendre ces sujets concrets pour les ind\u00e9pendants et les petites entreprises. J'aime expliquer comment se construit une pr\u00e9sence en ligne cr\u00e9dible, du choix des mots \u00e0 la coh\u00e9rence visuelle, sans recourir au jargon d'agence. Avant de recommander une m\u00e9thode ou un outil, je l'\u00e9prouve sur le terrain et je distingue ce qui marche vraiment des promesses \u00e0 la mode. Je me m\u00e9fie des recettes miracles en marketing, car aucune ne dispense de travail et de r\u00e9gularit\u00e9. Mon angle : donner des rep\u00e8res solides pour communiquer juste et b\u00e2tir une marque qui dure, \u00e0 hauteur de budgets r\u00e9els et d'\u00e9quipes r\u00e9duites.\",\"sameAs\":[\"https:\/\/theorouvier.fr\/\"],\"url\":\"https:\/\/image-de-marques-44.com\/blog\/auteur\/noname\/\"}]}<\/script>\n<!-- \/ Yoast SEO Premium plugin. -->","yoast_head_json":{"title":"Image de Soi : D\u00e9veloppement Pro 2026","description":"L\u2019image de soi est un concept crucial pour le d\u00e9veloppement personnel et professionnel.","robots":{"index":"index","follow":"follow","max-snippet":"max-snippet:-1","max-image-preview":"max-image-preview:large","max-video-preview":"max-video-preview:-1"},"canonical":"https:\/\/image-de-marques-44.com\/blog\/articles\/image-de-soi\/","og_locale":"fr_FR","og_type":"article","og_title":"Image de Soi : D\u00e9veloppement Pro 2026","og_description":"L\u2019image de soi est un concept crucial pour le d\u00e9veloppement personnel et professionnel.","og_url":"https:\/\/image-de-marques-44.com\/blog\/articles\/image-de-soi\/","og_site_name":"image-de-marques-44.com","og_image":[{"width":1200,"height":500,"url":"https:\/\/image-de-marques-44.com\/blog\/wp-content\/uploads\/2026\/06\/sdxl-8d239fb0b68ad642a96aa5b1ff77530d-scaled.png","type":"image\/png"}],"author":"Th\u00e9o Rouvier","twitter_card":"summary_large_image","schema":{"@context":"https:\/\/schema.org","@graph":[{"@type":"NewsArticle","@id":"https:\/\/image-de-marques-44.com\/blog\/articles\/image-de-soi\/#article","isPartOf":{"@id":"https:\/\/image-de-marques-44.com\/blog\/articles\/image-de-soi\/"},"author":{"name":"Th\u00e9o Rouvier","@id":"https:\/\/image-de-marques-44.com\/blog\/#\/schema\/person\/3c864cdc320801e3db34b663e7e3f816"},"headline":"Image de Soi : D\u00e9veloppement Pro 2026","datePublished":"2026-05-15T09:00:00+00:00","dateModified":"2026-07-01T09:39:02+00:00","mainEntityOfPage":{"@id":"https:\/\/image-de-marques-44.com\/blog\/articles\/image-de-soi\/"},"wordCount":755,"commentCount":0,"publisher":{"@id":"https:\/\/image-de-marques-44.com\/blog\/#organization"},"image":{"@id":"https:\/\/image-de-marques-44.com\/blog\/articles\/image-de-soi\/#primaryimage"},"thumbnailUrl":"https:\/\/image-de-marques-44.com\/blog\/wp-content\/uploads\/2026\/06\/sdxl-8d239fb0b68ad642a96aa5b1ff77530d-scaled.png","articleSection":["Articles"],"inLanguage":"fr-FR","potentialAction":[{"@type":"CommentAction","name":"Comment","target":["https:\/\/image-de-marques-44.com\/blog\/articles\/image-de-soi\/#respond"]}]},{"@type":"WebPage","@id":"https:\/\/image-de-marques-44.com\/blog\/articles\/image-de-soi\/","url":"https:\/\/image-de-marques-44.com\/blog\/articles\/image-de-soi\/","name":"Image de Soi : D\u00e9veloppement Pro 2026","isPartOf":{"@id":"https:\/\/image-de-marques-44.com\/blog\/#website"},"primaryImageOfPage":{"@id":"https:\/\/image-de-marques-44.com\/blog\/articles\/image-de-soi\/#primaryimage"},"image":{"@id":"https:\/\/image-de-marques-44.com\/blog\/articles\/image-de-soi\/#primaryimage"},"thumbnailUrl":"https:\/\/image-de-marques-44.com\/blog\/wp-content\/uploads\/2026\/06\/sdxl-8d239fb0b68ad642a96aa5b1ff77530d-scaled.png","datePublished":"2026-05-15T09:00:00+00:00","dateModified":"2026-07-01T09:39:02+00:00","description":"L\u2019image de soi est un concept crucial pour le d\u00e9veloppement personnel et professionnel.","inLanguage":"fr-FR","potentialAction":[{"@type":"ReadAction","target":["https:\/\/image-de-marques-44.com\/blog\/articles\/image-de-soi\/"]}]},{"@type":"ImageObject","inLanguage":"fr-FR","@id":"https:\/\/image-de-marques-44.com\/blog\/articles\/image-de-soi\/#primaryimage","url":"https:\/\/image-de-marques-44.com\/blog\/wp-content\/uploads\/2026\/06\/sdxl-8d239fb0b68ad642a96aa5b1ff77530d-scaled.png","contentUrl":"https:\/\/image-de-marques-44.com\/blog\/wp-content\/uploads\/2026\/06\/sdxl-8d239fb0b68ad642a96aa5b1ff77530d-scaled.png","width":1200,"height":500},{"@type":"WebSite","@id":"https:\/\/image-de-marques-44.com\/blog\/#website","url":"https:\/\/image-de-marques-44.com\/blog\/","name":"image-de-marques-44.com","description":"Image de Marques 44, valorisez votre identit\u00e9","publisher":{"@id":"https:\/\/image-de-marques-44.com\/blog\/#organization"},"alternateName":"Image de Marques 44, valorisez votre identit\u00e9","potentialAction":[{"@type":"SearchAction","target":{"@type":"EntryPoint","urlTemplate":"https:\/\/image-de-marques-44.com\/blog\/?s={search_term_string}"},"query-input":{"@type":"PropertyValueSpecification","valueRequired":true,"valueName":"search_term_string"}}],"inLanguage":"fr-FR"},{"@type":"Organization","@id":"https:\/\/image-de-marques-44.com\/blog\/#organization","name":"Foretsensations.fr","url":"https:\/\/image-de-marques-44.com\/blog\/","logo":{"@type":"ImageObject","inLanguage":"fr-FR","@id":"https:\/\/image-de-marques-44.com\/blog\/#\/schema\/logo\/image\/","url":"https:\/\/image-de-marques-44.com\/blog\/wp-content\/uploads\/2025\/02\/cropped-image-de-marques-44.com_.png","contentUrl":"https:\/\/image-de-marques-44.com\/blog\/wp-content\/uploads\/2025\/02\/cropped-image-de-marques-44.com_.png","width":500,"height":100,"caption":"Foretsensations.fr"},"image":{"@id":"https:\/\/image-de-marques-44.com\/blog\/#\/schema\/logo\/image\/"}},{"@type":"Person","@id":"https:\/\/image-de-marques-44.com\/blog\/#\/schema\/person\/3c864cdc320801e3db34b663e7e3f816","name":"Th\u00e9o Rouvier","image":{"@type":"ImageObject","inLanguage":"fr-FR","@id":"https:\/\/image-de-marques-44.com\/blog\/#\/schema\/person\/image\/","url":"https:\/\/image-de-marques-44.com\/blog\/wp-content\/uploads\/2025\/02\/stability-noname-administrator.png","contentUrl":"https:\/\/image-de-marques-44.com\/blog\/wp-content\/uploads\/2025\/02\/stability-noname-administrator.png","caption":"Th\u00e9o Rouvier"},"description":"Le web et la communication sont mon m\u00e9tier depuis une dizaine d'ann\u00e9es, entre r\u00e9daction, strat\u00e9gie de contenu et accompagnement de projets en ligne. J'\u00e9cris sur la cr\u00e9ation de site, le marketing digital, l'image de marque et le m\u00e9tier de r\u00e9dacteur web, avec l'envie de rendre ces sujets concrets pour les ind\u00e9pendants et les petites entreprises. J'aime expliquer comment se construit une pr\u00e9sence en ligne cr\u00e9dible, du choix des mots \u00e0 la coh\u00e9rence visuelle, sans recourir au jargon d'agence. Avant de recommander une m\u00e9thode ou un outil, je l'\u00e9prouve sur le terrain et je distingue ce qui marche vraiment des promesses \u00e0 la mode. Je me m\u00e9fie des recettes miracles en marketing, car aucune ne dispense de travail et de r\u00e9gularit\u00e9. Mon angle : donner des rep\u00e8res solides pour communiquer juste et b\u00e2tir une marque qui dure, \u00e0 hauteur de budgets r\u00e9els et d'\u00e9quipes r\u00e9duites.","sameAs":["https:\/\/theorouvier.fr\/"],"url":"https:\/\/image-de-marques-44.com\/blog\/auteur\/noname\/"}]}},"_links":{"self":[{"href":"https:\/\/image-de-marques-44.com\/blog\/wp-json\/wp\/v2\/posts\/7781","targetHints":{"allow":["GET"]}}],"collection":[{"href":"https:\/\/image-de-marques-44.com\/blog\/wp-json\/wp\/v2\/posts"}],"about":[{"href":"https:\/\/image-de-marques-44.com\/blog\/wp-json\/wp\/v2\/types\/post"}],"author":[{"embeddable":true,"href":"https:\/\/image-de-marques-44.com\/blog\/wp-json\/wp\/v2\/users\/34"}],"replies":[{"embeddable":true,"href":"https:\/\/image-de-marques-44.com\/blog\/wp-json\/wp\/v2\/comments?post=7781"}],"version-history":[{"count":2,"href":"https:\/\/image-de-marques-44.com\/blog\/wp-json\/wp\/v2\/posts\/7781\/revisions"}],"predecessor-version":[{"id":7971,"href":"https:\/\/image-de-marques-44.com\/blog\/wp-json\/wp\/v2\/posts\/7781\/revisions\/7971"}],"wp:featuredmedia":[{"embeddable":true,"href":"https:\/\/image-de-marques-44.com\/blog\/wp-json\/wp\/v2\/media\/7839"}],"wp:attachment":[{"href":"https:\/\/image-de-marques-44.com\/blog\/wp-json\/wp\/v2\/media?parent=7781"}],"wp:term":[{"taxonomy":"category","embeddable":true,"href":"https:\/\/image-de-marques-44.com\/blog\/wp-json\/wp\/v2\/categories?post=7781"},{"taxonomy":"post_tag","embeddable":true,"href":"https:\/\/image-de-marques-44.com\/blog\/wp-json\/wp\/v2\/tags?post=7781"}],"curies":[{"name":"wp","href":"https:\/\/api.w.org\/{rel}","templated":true}]}}