{"id":7787,"date":"2026-05-21T09:00:00","date_gmt":"2026-05-21T09:00:00","guid":{"rendered":"https:\/\/image-de-marques-44.com\/blog\/?p=7787"},"modified":"2026-07-01T11:39:14","modified_gmt":"2026-07-01T09:39:14","slug":"marque-decathlon","status":"publish","type":"post","link":"https:\/\/image-de-marques-44.com\/blog\/articles\/marque-decathlon\/","title":{"rendered":"Marque Decathlon : Analyse Strat\u00e9gie 2026"},"content":{"rendered":"<p>La marque Decathlon, leader dans le domaine du sport et des loisirs, a r\u00e9cemment r\u00e9vis\u00e9 sa strat\u00e9gie pour 2026 afin de renforcer sa position sur le march\u00e9. Cette analyse se concentre sur les initiatives cl\u00e9s de l\u2019entreprise, les prix pr\u00e9vus pour ses produits et les tendances qui pourraient influencer son avenir. En 2026, Decathlon continue de se d\u00e9marquer par son engagement envers l\u2019accessibilit\u00e9 et l\u2019innovation dans le secteur du sport.<\/p>\n<p>Avec un chiffre d\u2019affaires mondial de pr\u00e8s de <strong>12 milliards d\u2019euros en 2025<\/strong>, Decathlon vise \u00e0 atteindre <strong>15 milliards d\u2019euros d\u2019ici 2026<\/strong>. Pour y parvenir, la marque mise sur une augmentation de sa gamme de produits \u00e9coresponsables, une digitalisation accrue de ses services et une expansion g\u00e9ographique.<\/p>\n<h2>Strat\u00e9gies cl\u00e9s pour 2026<\/h2>\n<h3>1. Expansion des produits \u00e9coresponsables<\/h3>\n<p>Decathlon s\u2019engage \u00e0 proposer une gamme \u00e9largie de produits respectueux de l\u2019environnement. En 2026, <strong>30% des produits<\/strong> devraient \u00eatre fabriqu\u00e9s \u00e0 partir de mat\u00e9riaux durables. Par exemple, la ligne de v\u00eatements en polyester recycl\u00e9 a connu un succ\u00e8s retentissant en 2025, avec des ventes augmentant de <strong>25%<\/strong> par rapport \u00e0 l\u2019ann\u00e9e pr\u00e9c\u00e9dente.<\/p>\n<h3>2. Digitalisation et e-commerce<\/h3>\n<p>L\u2019int\u00e9gration du num\u00e9rique est cruciale pour Decathlon. L\u2019entreprise pr\u00e9voit d\u2019investir <strong>500 millions d\u2019euros<\/strong> dans sa plateforme e-commerce d\u2019ici fin 2026. Cela comprend des am\u00e9liorations dans l\u2019exp\u00e9rience utilisateur et la mise en place d\u2019un service client renforc\u00e9 via des chatbots intelligents.<\/p>\n<h4>\u00c9volution des ventes en ligne<\/h4>\n<table class=\"kwdbank-table\">\n<thead>\n<tr>\n<th>Ann\u00e9e<\/th>\n<th>Ventes en ligne (en millions d\u2019euros)<\/th>\n<\/tr>\n<\/thead>\n<tbody>\n<tr>\n<td>2023<\/td>\n<td>1,5<\/td>\n<\/tr>\n<tr>\n<td>2024<\/td>\n<td>2<\/td>\n<\/tr>\n<tr>\n<td>2025<\/td>\n<td>3<\/td>\n<\/tr>\n<tr>\n<td>2026 (pr\u00e9visions)<\/td>\n<td>4,5<\/td>\n<\/tr>\n<\/tbody>\n<\/table>\n<h3>3. Renforcement du r\u00e9seau physique<\/h3>\n<p>Malgr\u00e9 la croissance du commerce en ligne, Decathlon ne n\u00e9glige pas ses points de vente physiques. L\u2019objectif est d\u2019ouvrir <strong>50 nouveaux magasins<\/strong> en France d\u2019ici fin 2026, tout en r\u00e9novant les \u00e9tablissements existants pour offrir une exp\u00e9rience client optimale.<\/p>\n<h2>Prix pr\u00e9vus pour les produits en 2026<\/h2>\n<p>Les prix des articles sportifs chez Decathlon sont g\u00e9n\u00e9ralement comp\u00e9titifs. En moyenne, on peut s\u2019attendre \u00e0 :<\/p>\n<ul>\n<li><strong>V\u00eatements techniques<\/strong> : augmentation pr\u00e9vue de <strong>10%<\/strong>, allant de <strong>25 \u00e0 150 euros<\/strong> selon la cat\u00e9gorie.<\/li>\n<li><strong>\u00c9quipements collectifs (football, rugby)<\/strong> : augmentation mod\u00e9r\u00e9e d\u2019environ <strong>5%<\/strong>, avec des prix variant entre <strong>50 et 300 euros<\/strong>.<\/li>\n<li><strong>Articles outdoor (randonn\u00e9e)<\/strong> : augmentation estim\u00e9e \u00e0 <strong>8%<\/strong>, avec des prix allant de <strong>30 \u00e0 200 euros<\/strong>.<\/li>\n<\/ul>\n<h3>Pi\u00e8ge \u00e0 \u00e9viter : Surestimation des \u00e9conomies<\/h3>\n<p>Un pi\u00e8ge courant est de penser que les produits \u00e9coresponsables seront syst\u00e9matiquement plus chers. Bien que certains articles puissent avoir un co\u00fbt initial plus \u00e9lev\u00e9, leur durabilit\u00e9 peut entra\u00eener des \u00e9conomies \u00e0 long terme. Il est crucial d\u2019\u00e9valuer le rapport qualit\u00e9-prix sur le cycle de vie complet du produit.<\/p>\n<h2>Engagement communautaire et social<\/h2>\n<p>Decathlon ne se limite pas aux aspects commerciaux; elle investit \u00e9galement dans la communaut\u00e9 locale. En collaboration avec plusieurs associations sportives, l\u2019entreprise a lanc\u00e9 plusieurs programmes visant \u00e0 promouvoir le sport aupr\u00e8s des jeunes d\u00e9favoris\u00e9s.<\/p>\n<h3>Exemples concrets<\/h3>\n<ol>\n<li>Le programme \u201cSport pour Tous\u201d a permis \u00e0 <strong>1000 jeunes<\/strong> de b\u00e9n\u00e9ficier gratuitement d\u2019\u00e9quipements sportifs en 2025.<\/li>\n<li>L\u2019initiative \u201cR\u00e9cup\u2019Sport\u201d a permis de r\u00e9cup\u00e9rer plus de <strong>200 tonnes d\u2019\u00e9quipements usag\u00e9s<\/strong>, r\u00e9utilis\u00e9s ou recycl\u00e9s.<\/li>\n<\/ol>\n<h2>Perspective sur le march\u00e9 sportif en France<\/h2>\n<p>La tendance g\u00e9n\u00e9rale montre une hausse continue du march\u00e9 sportif fran\u00e7ais, avec une croissance annuelle estim\u00e9e entre <strong>4% et 7%<\/strong> jusqu\u2019en 2026. Cette dynamique favorable devrait renforcer la position de Decathlon face \u00e0 ses concurrents comme Intersport ou Go Sport.<\/p>\n<h2>FAQ<\/h2>\n<h3>Quelles sont les initiatives \u00e9cologiques mises en place par Decathlon ?<\/h3>\n<p>Decathlon pr\u00e9voit que <strong>30%<\/strong> de ses produits seront \u00e9coresponsables en 2026, incluant l\u2019utilisation accrue de mat\u00e9riaux recycl\u00e9s.<\/p>\n<h3>Comment \u00e9volue le chiffre d\u2019affaires de Decathlon ?<\/h3>\n<p>Le chiffre d\u2019affaires mondial est estim\u00e9 \u00e0 atteindre <strong>15 milliards d\u2019euros d\u2019ici fin 2026<\/strong>, soutenu par l\u2019innovation et l\u2019expansion g\u00e9ographique.<\/p>\n<h3>Quels sont les projets futurs concernant les magasins physiques ?<\/h3>\n<p>Decathlon envisage d\u2019ouvrir <strong>50 nouveaux magasins<\/strong> en France tout en r\u00e9novant ses points existants pour am\u00e9liorer l\u2019exp\u00e9rience client.<\/p>\n<h3>Les prix des articles sportifs vont-ils augmenter ?<\/h3>\n<p>Oui, une augmentation moyenne entre <strong>5% et 10%<\/strong> est attendue sur divers segments produits comme les v\u00eatements techniques ou \u00e9quipements collectifs.<\/p>\n<h3>Comment Decathlon int\u00e8gre-t-elle le num\u00e9rique dans sa strat\u00e9gie ?<\/h3>\n<p>L\u2019entreprise investit <strong>500 millions d\u2019euros<\/strong> dans sa plateforme e-commerce pour am\u00e9liorer l\u2019exp\u00e9rience utilisateur et renforcer son service client digital.<\/p>\n<h3>Quel est le r\u00f4le social jou\u00e9 par Decathlon ?<\/h3>\n<p>Decathlon s\u2019engage activement dans la communaut\u00e9 via des programmes comme \u201cSport pour Tous\u201d, visant \u00e0 promouvoir le sport aupr\u00e8s des jeunes d\u00e9favoris\u00e9s gr\u00e2ce \u00e0 la fourniture gratuite d\u2019\u00e9quipements sportifs.<\/p>\n<hr>\n<div class=\"articles-lies\">\n<h3>&Agrave; lire aussi<\/h3>\n<ul>\n<li><a href=\"https:\/\/image-de-marques-44.com\/blog\/articles\/image-de-marque-mots-fleches\/\">Image de Marque : D\u00e9finition &amp; Conseils 2026<\/a><\/li>\n<li><a href=\"https:\/\/image-de-marques-44.com\/blog\/articles\/image-de-la-marque\/\">Image de marque : Guide strat\u00e9gie 2026<\/a><\/li>\n<li><a href=\"https:\/\/image-de-marques-44.com\/blog\/articles\/plateforme-de-marque\/\">Plateforme Marque : Guide Strat\u00e9gie 2026<\/a><\/li>\n<li><a href=\"https:\/\/image-de-marques-44.com\/blog\/articles\/marque-oasis\/\">Marque Oasis : Histoire et Strat\u00e9gie 2026<\/a><\/li>\n<\/ul>\n<\/div>\n","protected":false},"excerpt":{"rendered":"","protected":false},"author":34,"featured_media":7834,"comment_status":"open","ping_status":"open","sticky":false,"template":"","format":"standard","meta":{"_acf_changed":false,"manual_indexmenow":false,"indexmenow_id_project":0,"footnotes":""},"categories":[4693],"tags":[],"class_list":["post-7787","post","type-post","status-publish","format-standard","has-post-thumbnail","hentry","category-articles","generate-columns","tablet-grid-50","mobile-grid-100","grid-parent","grid-25"],"acf":[],"yoast_head":"<!-- This site is optimized with the Yoast SEO Premium plugin v21.3 (Yoast SEO v26.5) - https:\/\/yoast.com\/wordpress\/plugins\/seo\/ -->\n<title>Marque Decathlon : Analyse Strat\u00e9gie 2026<\/title>\n<meta name=\"description\" content=\"La marque Decathlon, leader dans le domaine du sport et des loisirs, a r\u00e9cemment r\u00e9vis\u00e9 sa strat\u00e9gie pour 2026 afin de renforcer sa position sur le march\u00e9.\" \/>\n<meta name=\"robots\" content=\"index, follow, max-snippet:-1, max-image-preview:large, max-video-preview:-1\" \/>\n<link rel=\"canonical\" href=\"https:\/\/image-de-marques-44.com\/blog\/articles\/marque-decathlon\/\" \/>\n<meta property=\"og:locale\" content=\"fr_FR\" \/>\n<meta property=\"og:type\" content=\"article\" \/>\n<meta property=\"og:title\" content=\"Marque Decathlon : Analyse Strat\u00e9gie 2026\" \/>\n<meta property=\"og:description\" content=\"La marque Decathlon, leader dans le domaine du sport et des loisirs, a r\u00e9cemment r\u00e9vis\u00e9 sa strat\u00e9gie pour 2026 afin de renforcer sa position sur le march\u00e9.\" \/>\n<meta property=\"og:url\" content=\"https:\/\/image-de-marques-44.com\/blog\/articles\/marque-decathlon\/\" \/>\n<meta property=\"og:site_name\" content=\"image-de-marques-44.com\" \/>\n<meta property=\"og:image\" content=\"https:\/\/image-de-marques-44.com\/blog\/wp-content\/uploads\/2026\/06\/sdxl-bfdf431343795f9da6297ed8b71c9201-scaled.png\" \/>\n\t<meta property=\"og:image:width\" content=\"1200\" \/>\n\t<meta property=\"og:image:height\" content=\"500\" \/>\n\t<meta property=\"og:image:type\" content=\"image\/png\" \/>\n<meta name=\"author\" content=\"Th\u00e9o Rouvier\" \/>\n<meta name=\"twitter:card\" content=\"summary_large_image\" \/>\n<script type=\"application\/ld+json\" class=\"yoast-schema-graph\">{\"@context\":\"https:\/\/schema.org\",\"@graph\":[{\"@type\":\"NewsArticle\",\"@id\":\"https:\/\/image-de-marques-44.com\/blog\/articles\/marque-decathlon\/#article\",\"isPartOf\":{\"@id\":\"https:\/\/image-de-marques-44.com\/blog\/articles\/marque-decathlon\/\"},\"author\":{\"name\":\"Th\u00e9o Rouvier\",\"@id\":\"https:\/\/image-de-marques-44.com\/blog\/#\/schema\/person\/3c864cdc320801e3db34b663e7e3f816\"},\"headline\":\"Marque Decathlon : Analyse Strat\u00e9gie 2026\",\"datePublished\":\"2026-05-21T09:00:00+00:00\",\"dateModified\":\"2026-07-01T09:39:14+00:00\",\"mainEntityOfPage\":{\"@id\":\"https:\/\/image-de-marques-44.com\/blog\/articles\/marque-decathlon\/\"},\"wordCount\":796,\"commentCount\":0,\"publisher\":{\"@id\":\"https:\/\/image-de-marques-44.com\/blog\/#organization\"},\"image\":{\"@id\":\"https:\/\/image-de-marques-44.com\/blog\/articles\/marque-decathlon\/#primaryimage\"},\"thumbnailUrl\":\"https:\/\/image-de-marques-44.com\/blog\/wp-content\/uploads\/2026\/06\/sdxl-bfdf431343795f9da6297ed8b71c9201-scaled.png\",\"articleSection\":[\"Articles\"],\"inLanguage\":\"fr-FR\",\"potentialAction\":[{\"@type\":\"CommentAction\",\"name\":\"Comment\",\"target\":[\"https:\/\/image-de-marques-44.com\/blog\/articles\/marque-decathlon\/#respond\"]}]},{\"@type\":\"WebPage\",\"@id\":\"https:\/\/image-de-marques-44.com\/blog\/articles\/marque-decathlon\/\",\"url\":\"https:\/\/image-de-marques-44.com\/blog\/articles\/marque-decathlon\/\",\"name\":\"Marque Decathlon : Analyse Strat\u00e9gie 2026\",\"isPartOf\":{\"@id\":\"https:\/\/image-de-marques-44.com\/blog\/#website\"},\"primaryImageOfPage\":{\"@id\":\"https:\/\/image-de-marques-44.com\/blog\/articles\/marque-decathlon\/#primaryimage\"},\"image\":{\"@id\":\"https:\/\/image-de-marques-44.com\/blog\/articles\/marque-decathlon\/#primaryimage\"},\"thumbnailUrl\":\"https:\/\/image-de-marques-44.com\/blog\/wp-content\/uploads\/2026\/06\/sdxl-bfdf431343795f9da6297ed8b71c9201-scaled.png\",\"datePublished\":\"2026-05-21T09:00:00+00:00\",\"dateModified\":\"2026-07-01T09:39:14+00:00\",\"description\":\"La marque Decathlon, leader dans le domaine du sport et des loisirs, a r\u00e9cemment r\u00e9vis\u00e9 sa strat\u00e9gie pour 2026 afin de renforcer sa position sur le march\u00e9.\",\"inLanguage\":\"fr-FR\",\"potentialAction\":[{\"@type\":\"ReadAction\",\"target\":[\"https:\/\/image-de-marques-44.com\/blog\/articles\/marque-decathlon\/\"]}]},{\"@type\":\"ImageObject\",\"inLanguage\":\"fr-FR\",\"@id\":\"https:\/\/image-de-marques-44.com\/blog\/articles\/marque-decathlon\/#primaryimage\",\"url\":\"https:\/\/image-de-marques-44.com\/blog\/wp-content\/uploads\/2026\/06\/sdxl-bfdf431343795f9da6297ed8b71c9201-scaled.png\",\"contentUrl\":\"https:\/\/image-de-marques-44.com\/blog\/wp-content\/uploads\/2026\/06\/sdxl-bfdf431343795f9da6297ed8b71c9201-scaled.png\",\"width\":1200,\"height\":500},{\"@type\":\"WebSite\",\"@id\":\"https:\/\/image-de-marques-44.com\/blog\/#website\",\"url\":\"https:\/\/image-de-marques-44.com\/blog\/\",\"name\":\"image-de-marques-44.com\",\"description\":\"Image de Marques 44, valorisez votre identit\u00e9\",\"publisher\":{\"@id\":\"https:\/\/image-de-marques-44.com\/blog\/#organization\"},\"alternateName\":\"Image de Marques 44, valorisez votre identit\u00e9\",\"potentialAction\":[{\"@type\":\"SearchAction\",\"target\":{\"@type\":\"EntryPoint\",\"urlTemplate\":\"https:\/\/image-de-marques-44.com\/blog\/?s={search_term_string}\"},\"query-input\":{\"@type\":\"PropertyValueSpecification\",\"valueRequired\":true,\"valueName\":\"search_term_string\"}}],\"inLanguage\":\"fr-FR\"},{\"@type\":\"Organization\",\"@id\":\"https:\/\/image-de-marques-44.com\/blog\/#organization\",\"name\":\"Foretsensations.fr\",\"url\":\"https:\/\/image-de-marques-44.com\/blog\/\",\"logo\":{\"@type\":\"ImageObject\",\"inLanguage\":\"fr-FR\",\"@id\":\"https:\/\/image-de-marques-44.com\/blog\/#\/schema\/logo\/image\/\",\"url\":\"https:\/\/image-de-marques-44.com\/blog\/wp-content\/uploads\/2025\/02\/cropped-image-de-marques-44.com_.png\",\"contentUrl\":\"https:\/\/image-de-marques-44.com\/blog\/wp-content\/uploads\/2025\/02\/cropped-image-de-marques-44.com_.png\",\"width\":500,\"height\":100,\"caption\":\"Foretsensations.fr\"},\"image\":{\"@id\":\"https:\/\/image-de-marques-44.com\/blog\/#\/schema\/logo\/image\/\"}},{\"@type\":\"Person\",\"@id\":\"https:\/\/image-de-marques-44.com\/blog\/#\/schema\/person\/3c864cdc320801e3db34b663e7e3f816\",\"name\":\"Th\u00e9o Rouvier\",\"image\":{\"@type\":\"ImageObject\",\"inLanguage\":\"fr-FR\",\"@id\":\"https:\/\/image-de-marques-44.com\/blog\/#\/schema\/person\/image\/\",\"url\":\"https:\/\/image-de-marques-44.com\/blog\/wp-content\/uploads\/2025\/02\/stability-noname-administrator.png\",\"contentUrl\":\"https:\/\/image-de-marques-44.com\/blog\/wp-content\/uploads\/2025\/02\/stability-noname-administrator.png\",\"caption\":\"Th\u00e9o Rouvier\"},\"description\":\"Le web et la communication sont mon m\u00e9tier depuis une dizaine d'ann\u00e9es, entre r\u00e9daction, strat\u00e9gie de contenu et accompagnement de projets en ligne. J'\u00e9cris sur la cr\u00e9ation de site, le marketing digital, l'image de marque et le m\u00e9tier de r\u00e9dacteur web, avec l'envie de rendre ces sujets concrets pour les ind\u00e9pendants et les petites entreprises. J'aime expliquer comment se construit une pr\u00e9sence en ligne cr\u00e9dible, du choix des mots \u00e0 la coh\u00e9rence visuelle, sans recourir au jargon d'agence. Avant de recommander une m\u00e9thode ou un outil, je l'\u00e9prouve sur le terrain et je distingue ce qui marche vraiment des promesses \u00e0 la mode. Je me m\u00e9fie des recettes miracles en marketing, car aucune ne dispense de travail et de r\u00e9gularit\u00e9. Mon angle : donner des rep\u00e8res solides pour communiquer juste et b\u00e2tir une marque qui dure, \u00e0 hauteur de budgets r\u00e9els et d'\u00e9quipes r\u00e9duites.\",\"sameAs\":[\"https:\/\/theorouvier.fr\/\"],\"url\":\"https:\/\/image-de-marques-44.com\/blog\/auteur\/noname\/\"}]}<\/script>\n<!-- \/ Yoast SEO Premium plugin. -->","yoast_head_json":{"title":"Marque Decathlon : Analyse Strat\u00e9gie 2026","description":"La marque Decathlon, leader dans le domaine du sport et des loisirs, a r\u00e9cemment r\u00e9vis\u00e9 sa strat\u00e9gie pour 2026 afin de renforcer sa position sur le march\u00e9.","robots":{"index":"index","follow":"follow","max-snippet":"max-snippet:-1","max-image-preview":"max-image-preview:large","max-video-preview":"max-video-preview:-1"},"canonical":"https:\/\/image-de-marques-44.com\/blog\/articles\/marque-decathlon\/","og_locale":"fr_FR","og_type":"article","og_title":"Marque Decathlon : Analyse Strat\u00e9gie 2026","og_description":"La marque Decathlon, leader dans le domaine du sport et des loisirs, a r\u00e9cemment r\u00e9vis\u00e9 sa strat\u00e9gie pour 2026 afin de renforcer sa position sur le march\u00e9.","og_url":"https:\/\/image-de-marques-44.com\/blog\/articles\/marque-decathlon\/","og_site_name":"image-de-marques-44.com","og_image":[{"width":1200,"height":500,"url":"https:\/\/image-de-marques-44.com\/blog\/wp-content\/uploads\/2026\/06\/sdxl-bfdf431343795f9da6297ed8b71c9201-scaled.png","type":"image\/png"}],"author":"Th\u00e9o Rouvier","twitter_card":"summary_large_image","schema":{"@context":"https:\/\/schema.org","@graph":[{"@type":"NewsArticle","@id":"https:\/\/image-de-marques-44.com\/blog\/articles\/marque-decathlon\/#article","isPartOf":{"@id":"https:\/\/image-de-marques-44.com\/blog\/articles\/marque-decathlon\/"},"author":{"name":"Th\u00e9o Rouvier","@id":"https:\/\/image-de-marques-44.com\/blog\/#\/schema\/person\/3c864cdc320801e3db34b663e7e3f816"},"headline":"Marque Decathlon : Analyse Strat\u00e9gie 2026","datePublished":"2026-05-21T09:00:00+00:00","dateModified":"2026-07-01T09:39:14+00:00","mainEntityOfPage":{"@id":"https:\/\/image-de-marques-44.com\/blog\/articles\/marque-decathlon\/"},"wordCount":796,"commentCount":0,"publisher":{"@id":"https:\/\/image-de-marques-44.com\/blog\/#organization"},"image":{"@id":"https:\/\/image-de-marques-44.com\/blog\/articles\/marque-decathlon\/#primaryimage"},"thumbnailUrl":"https:\/\/image-de-marques-44.com\/blog\/wp-content\/uploads\/2026\/06\/sdxl-bfdf431343795f9da6297ed8b71c9201-scaled.png","articleSection":["Articles"],"inLanguage":"fr-FR","potentialAction":[{"@type":"CommentAction","name":"Comment","target":["https:\/\/image-de-marques-44.com\/blog\/articles\/marque-decathlon\/#respond"]}]},{"@type":"WebPage","@id":"https:\/\/image-de-marques-44.com\/blog\/articles\/marque-decathlon\/","url":"https:\/\/image-de-marques-44.com\/blog\/articles\/marque-decathlon\/","name":"Marque Decathlon : Analyse Strat\u00e9gie 2026","isPartOf":{"@id":"https:\/\/image-de-marques-44.com\/blog\/#website"},"primaryImageOfPage":{"@id":"https:\/\/image-de-marques-44.com\/blog\/articles\/marque-decathlon\/#primaryimage"},"image":{"@id":"https:\/\/image-de-marques-44.com\/blog\/articles\/marque-decathlon\/#primaryimage"},"thumbnailUrl":"https:\/\/image-de-marques-44.com\/blog\/wp-content\/uploads\/2026\/06\/sdxl-bfdf431343795f9da6297ed8b71c9201-scaled.png","datePublished":"2026-05-21T09:00:00+00:00","dateModified":"2026-07-01T09:39:14+00:00","description":"La marque Decathlon, leader dans le domaine du sport et des loisirs, a r\u00e9cemment r\u00e9vis\u00e9 sa strat\u00e9gie pour 2026 afin de renforcer sa position sur le march\u00e9.","inLanguage":"fr-FR","potentialAction":[{"@type":"ReadAction","target":["https:\/\/image-de-marques-44.com\/blog\/articles\/marque-decathlon\/"]}]},{"@type":"ImageObject","inLanguage":"fr-FR","@id":"https:\/\/image-de-marques-44.com\/blog\/articles\/marque-decathlon\/#primaryimage","url":"https:\/\/image-de-marques-44.com\/blog\/wp-content\/uploads\/2026\/06\/sdxl-bfdf431343795f9da6297ed8b71c9201-scaled.png","contentUrl":"https:\/\/image-de-marques-44.com\/blog\/wp-content\/uploads\/2026\/06\/sdxl-bfdf431343795f9da6297ed8b71c9201-scaled.png","width":1200,"height":500},{"@type":"WebSite","@id":"https:\/\/image-de-marques-44.com\/blog\/#website","url":"https:\/\/image-de-marques-44.com\/blog\/","name":"image-de-marques-44.com","description":"Image de Marques 44, valorisez votre identit\u00e9","publisher":{"@id":"https:\/\/image-de-marques-44.com\/blog\/#organization"},"alternateName":"Image de Marques 44, valorisez votre identit\u00e9","potentialAction":[{"@type":"SearchAction","target":{"@type":"EntryPoint","urlTemplate":"https:\/\/image-de-marques-44.com\/blog\/?s={search_term_string}"},"query-input":{"@type":"PropertyValueSpecification","valueRequired":true,"valueName":"search_term_string"}}],"inLanguage":"fr-FR"},{"@type":"Organization","@id":"https:\/\/image-de-marques-44.com\/blog\/#organization","name":"Foretsensations.fr","url":"https:\/\/image-de-marques-44.com\/blog\/","logo":{"@type":"ImageObject","inLanguage":"fr-FR","@id":"https:\/\/image-de-marques-44.com\/blog\/#\/schema\/logo\/image\/","url":"https:\/\/image-de-marques-44.com\/blog\/wp-content\/uploads\/2025\/02\/cropped-image-de-marques-44.com_.png","contentUrl":"https:\/\/image-de-marques-44.com\/blog\/wp-content\/uploads\/2025\/02\/cropped-image-de-marques-44.com_.png","width":500,"height":100,"caption":"Foretsensations.fr"},"image":{"@id":"https:\/\/image-de-marques-44.com\/blog\/#\/schema\/logo\/image\/"}},{"@type":"Person","@id":"https:\/\/image-de-marques-44.com\/blog\/#\/schema\/person\/3c864cdc320801e3db34b663e7e3f816","name":"Th\u00e9o Rouvier","image":{"@type":"ImageObject","inLanguage":"fr-FR","@id":"https:\/\/image-de-marques-44.com\/blog\/#\/schema\/person\/image\/","url":"https:\/\/image-de-marques-44.com\/blog\/wp-content\/uploads\/2025\/02\/stability-noname-administrator.png","contentUrl":"https:\/\/image-de-marques-44.com\/blog\/wp-content\/uploads\/2025\/02\/stability-noname-administrator.png","caption":"Th\u00e9o Rouvier"},"description":"Le web et la communication sont mon m\u00e9tier depuis une dizaine d'ann\u00e9es, entre r\u00e9daction, strat\u00e9gie de contenu et accompagnement de projets en ligne. J'\u00e9cris sur la cr\u00e9ation de site, le marketing digital, l'image de marque et le m\u00e9tier de r\u00e9dacteur web, avec l'envie de rendre ces sujets concrets pour les ind\u00e9pendants et les petites entreprises. J'aime expliquer comment se construit une pr\u00e9sence en ligne cr\u00e9dible, du choix des mots \u00e0 la coh\u00e9rence visuelle, sans recourir au jargon d'agence. Avant de recommander une m\u00e9thode ou un outil, je l'\u00e9prouve sur le terrain et je distingue ce qui marche vraiment des promesses \u00e0 la mode. Je me m\u00e9fie des recettes miracles en marketing, car aucune ne dispense de travail et de r\u00e9gularit\u00e9. Mon angle : donner des rep\u00e8res solides pour communiquer juste et b\u00e2tir une marque qui dure, \u00e0 hauteur de budgets r\u00e9els et d'\u00e9quipes r\u00e9duites.","sameAs":["https:\/\/theorouvier.fr\/"],"url":"https:\/\/image-de-marques-44.com\/blog\/auteur\/noname\/"}]}},"_links":{"self":[{"href":"https:\/\/image-de-marques-44.com\/blog\/wp-json\/wp\/v2\/posts\/7787","targetHints":{"allow":["GET"]}}],"collection":[{"href":"https:\/\/image-de-marques-44.com\/blog\/wp-json\/wp\/v2\/posts"}],"about":[{"href":"https:\/\/image-de-marques-44.com\/blog\/wp-json\/wp\/v2\/types\/post"}],"author":[{"embeddable":true,"href":"https:\/\/image-de-marques-44.com\/blog\/wp-json\/wp\/v2\/users\/34"}],"replies":[{"embeddable":true,"href":"https:\/\/image-de-marques-44.com\/blog\/wp-json\/wp\/v2\/comments?post=7787"}],"version-history":[{"count":2,"href":"https:\/\/image-de-marques-44.com\/blog\/wp-json\/wp\/v2\/posts\/7787\/revisions"}],"predecessor-version":[{"id":7976,"href":"https:\/\/image-de-marques-44.com\/blog\/wp-json\/wp\/v2\/posts\/7787\/revisions\/7976"}],"wp:featuredmedia":[{"embeddable":true,"href":"https:\/\/image-de-marques-44.com\/blog\/wp-json\/wp\/v2\/media\/7834"}],"wp:attachment":[{"href":"https:\/\/image-de-marques-44.com\/blog\/wp-json\/wp\/v2\/media?parent=7787"}],"wp:term":[{"taxonomy":"category","embeddable":true,"href":"https:\/\/image-de-marques-44.com\/blog\/wp-json\/wp\/v2\/categories?post=7787"},{"taxonomy":"post_tag","embeddable":true,"href":"https:\/\/image-de-marques-44.com\/blog\/wp-json\/wp\/v2\/tags?post=7787"}],"curies":[{"name":"wp","href":"https:\/\/api.w.org\/{rel}","templated":true}]}}