{"id":7788,"date":"2026-05-22T09:00:00","date_gmt":"2026-05-22T09:00:00","guid":{"rendered":"https:\/\/image-de-marques-44.com\/blog\/?p=7788"},"modified":"2026-07-01T11:39:17","modified_gmt":"2026-07-01T09:39:17","slug":"gamm-vert-logo","status":"publish","type":"post","link":"https:\/\/image-de-marques-44.com\/blog\/articles\/gamm-vert-logo\/","title":{"rendered":"Gamm Vert logo : Guide identit\u00e9 visuelle"},"content":{"rendered":"<p>Le <strong>logo Gamm Vert<\/strong> est un \u00e9l\u00e9ment essentiel de l\u2019identit\u00e9 visuelle de cette enseigne sp\u00e9cialis\u00e9e dans le jardinage et l\u2019am\u00e9nagement ext\u00e9rieur. En 2026, avec des normes r\u00e9glementaires de plus en plus strictes sur la communication visuelle, il est crucial de comprendre les sp\u00e9cificit\u00e9s et les implications du design de ce logo. Cet article explore son histoire, ses caract\u00e9ristiques, et les standards \u00e0 respecter pour garantir une bonne utilisation.<\/p>\n<h2>Histoire du logo Gamm Vert<\/h2>\n<p>Le logo Gamm Vert a \u00e9t\u00e9 cr\u00e9\u00e9 pour refl\u00e9ter l\u2019engagement de l\u2019enseigne envers la nature et le jardinage. Initialement lanc\u00e9 dans les ann\u00e9es 1980, il a subi plusieurs \u00e9volutions pour s\u2019adapter aux tendances graphiques et aux attentes des consommateurs. La version actuelle, adopt\u00e9e en 2020, se caract\u00e9rise par :<\/p>\n<ul>\n<li><strong>Une typographie moderne<\/strong> : claire et lisible, renfor\u00e7ant la proximit\u00e9 avec le client.<\/li>\n<li><strong>Des couleurs naturelles<\/strong> : principalement vertes, \u00e9voquant la croissance et l\u2019\u00e9cologie.<\/li>\n<\/ul>\n<p>Ces choix visuels r\u00e9pondent \u00e0 une volont\u00e9 de transparence et d\u2019accessibilit\u00e9.<\/p>\n<h2>Caract\u00e9ristiques du logo<\/h2>\n<h3>Symbolique des couleurs<\/h3>\n<p>Les couleurs du logo Gamm Vert ne sont pas choisies au hasard. Voici quelques \u00e9l\u00e9ments significatifs :<\/p>\n<table class=\"kwdbank-table\">\n<thead>\n<tr>\n<th>Couleur<\/th>\n<th>Signification<\/th>\n<\/tr>\n<\/thead>\n<tbody>\n<tr>\n<td>Vert<\/td>\n<td>Nature, croissance, durabilit\u00e9<\/td>\n<\/tr>\n<tr>\n<td>Jaune<\/td>\n<td>Chaleur, convivialit\u00e9<\/td>\n<\/tr>\n<\/tbody>\n<\/table>\n<p>Ces couleurs sont non seulement attractives mais respectent \u00e9galement les normes environnementales qui pr\u00f4nent une communication responsable.<\/p>\n<h3>Typographie<\/h3>\n<p>La typographie utilis\u00e9e dans le logo doit \u00eatre conforme aux normes d\u2019accessibilit\u00e9. En 2026, il est essentiel que toute identit\u00e9 visuelle soit lisible par tous. Une r\u00e8gle g\u00e9n\u00e9rale \u00e0 suivre est que la taille minimale de la police doit \u00eatre de 12 points pour une bonne visibilit\u00e9.<\/p>\n<h2>Normes r\u00e9glementaires en mati\u00e8re d\u2019identit\u00e9 visuelle<\/h2>\n<p>Avec des lois comme le RGAA (R\u00e9f\u00e9rentiel G\u00e9n\u00e9ral d\u2019Am\u00e9lioration de l\u2019Accessibilit\u00e9), il est important de s\u2019assurer que le logo respecte certaines r\u00e8gles :<\/p>\n<ol>\n<li><strong>Contraste des couleurs<\/strong> : Assurez-vous que le contraste entre le texte et l\u2019arri\u00e8re-plan est suffisant.<\/li>\n<li><strong>\u00c9l\u00e9ments graphiques simples<\/strong> : \u00c9vitez les d\u00e9tails trop complexes qui pourraient nuire \u00e0 la reconnaissance du logo.<\/li>\n<li><strong>Utilisation des espaces<\/strong> : Laissez suffisamment d\u2019espace autour du logo pour \u00e9viter toute confusion avec d\u2019autres \u00e9l\u00e9ments graphiques.<\/li>\n<\/ol>\n<p>Un pi\u00e8ge courant \u00e0 \u00e9viter est d\u2019utiliser le logo dans des contextes inappropri\u00e9s ou sur des arri\u00e8re-plans qui nuisent \u00e0 sa visibilit\u00e9.<\/p>\n<h2>Exemples concrets<\/h2>\n<p>En 2025, une \u00e9tude a montr\u00e9 que les entreprises qui respectent les normes d\u2019identit\u00e9 visuelle constatent une augmentation moyenne de 20 % de leur notori\u00e9t\u00e9. Par ailleurs, un projet men\u00e9 par Gamm Vert en collaboration avec plusieurs designers a permis d\u2019augmenter l\u2019engagement client sur leurs r\u00e9seaux sociaux de 30 % gr\u00e2ce \u00e0 une pr\u00e9sentation coh\u00e9rente de leur identit\u00e9 visuelle.<\/p>\n<h2>Action imm\u00e9diate pour les entreprises<\/h2>\n<p>Pour garantir que votre utilisation du logo Gamm Vert soit conforme aux exigences actuelles, commencez par r\u00e9aliser un audit visuel. V\u00e9rifiez :<\/p>\n<ul>\n<li>Si le contraste des couleurs respecte les normes.<\/li>\n<li>Si la typographie est suffisamment lisible.<\/li>\n<li>Si le logo est utilis\u00e9 correctement sur tous vos supports (en ligne et hors ligne).<\/li>\n<\/ul>\n<p>En r\u00e9alisant cet audit, vous vous assurez non seulement de respecter la r\u00e9glementation mais aussi d\u2019am\u00e9liorer votre image de marque.<\/p>\n<h2>FAQ<\/h2>\n<h3>Quelle est l\u2019origine du logo Gamm Vert ?<\/h3>\n<p>Le logo a \u00e9t\u00e9 con\u00e7u dans les ann\u00e9es 1980 pour repr\u00e9senter l\u2019engagement envers le jardinage durable.<\/p>\n<h3>Quelles sont les couleurs utilis\u00e9es dans le logo ?<\/h3>\n<p>Les couleurs principales sont le vert et le jaune, symbolisant la nature et la convivialit\u00e9.<\/p>\n<h3>Comment utiliser correctement le logo Gamm Vert ?<\/h3>\n<p>Il faut respecter les normes concernant le contraste, la taille et l\u2019espacement autour du logo.<\/p>\n<h3>Quelles cons\u00e9quences si je ne respecte pas ces normes ?<\/h3>\n<p>Une mauvaise utilisation peut entra\u00eener une confusion chez vos clients et nuire \u00e0 votre image de marque.<\/p>\n<h3>O\u00f9 puis-je trouver des ressources sur l\u2019utilisation du logo ?<\/h3>\n<p>Gamm Vert propose un guide d\u2019utilisation disponible sur leur site officiel.<\/p>\n<h3>Pourquoi est-il important d\u2019auditer son identit\u00e9 visuelle ?<\/h3>\n<p>Un audit permet d\u2019assurer que vous respectez les normes r\u00e9glementaires tout en optimisant votre communication visuelle aupr\u00e8s des clients.<\/p>\n<hr>\n<div class=\"articles-lies\">\n<h3>&Agrave; lire aussi<\/h3>\n<ul>\n<li><a href=\"https:\/\/image-de-marques-44.com\/blog\/articles\/clim-logo\/\">Clim Logo : Guide Marques Climatisation 2026<\/a><\/li>\n<li><a href=\"https:\/\/image-de-marques-44.com\/blog\/articles\/accessoirement-votre-logo\/\">Logo entreprise : Guide complet cr\u00e9ation 2026<\/a><\/li>\n<li><a href=\"https:\/\/image-de-marques-44.com\/blog\/articles\/marqueting-fr\/\">Marketing.fr : Strat\u00e9gies Digital 2026 Guide<\/a><\/li>\n<li><a href=\"https:\/\/image-de-marques-44.com\/blog\/articles\/image-de-la-marque\/\">Image de marque : Guide strat\u00e9gie 2026<\/a><\/li>\n<\/ul>\n<\/div>\n","protected":false},"excerpt":{"rendered":"","protected":false},"author":34,"featured_media":7833,"comment_status":"open","ping_status":"open","sticky":false,"template":"","format":"standard","meta":{"_acf_changed":false,"manual_indexmenow":false,"indexmenow_id_project":0,"footnotes":""},"categories":[4693],"tags":[],"class_list":["post-7788","post","type-post","status-publish","format-standard","has-post-thumbnail","hentry","category-articles","generate-columns","tablet-grid-50","mobile-grid-100","grid-parent","grid-25"],"acf":[],"yoast_head":"<!-- This site is optimized with the Yoast SEO Premium plugin v21.3 (Yoast SEO v26.5) - https:\/\/yoast.com\/wordpress\/plugins\/seo\/ -->\n<title>Gamm Vert logo : Guide identit\u00e9 visuelle<\/title>\n<meta name=\"description\" content=\"Le logo Gamm Vert est un \u00e9l\u00e9ment essentiel de l\u2019identit\u00e9 visuelle de cette enseigne sp\u00e9cialis\u00e9e dans le jardinage et l\u2019am\u00e9nagement ext\u00e9rieur.\" \/>\n<meta name=\"robots\" content=\"index, follow, max-snippet:-1, max-image-preview:large, max-video-preview:-1\" \/>\n<link rel=\"canonical\" href=\"https:\/\/image-de-marques-44.com\/blog\/articles\/gamm-vert-logo\/\" \/>\n<meta property=\"og:locale\" content=\"fr_FR\" \/>\n<meta property=\"og:type\" content=\"article\" \/>\n<meta property=\"og:title\" content=\"Gamm Vert logo : Guide identit\u00e9 visuelle\" \/>\n<meta property=\"og:description\" content=\"Le logo Gamm Vert est un \u00e9l\u00e9ment essentiel de l\u2019identit\u00e9 visuelle de cette enseigne sp\u00e9cialis\u00e9e dans le jardinage et l\u2019am\u00e9nagement ext\u00e9rieur.\" \/>\n<meta property=\"og:url\" content=\"https:\/\/image-de-marques-44.com\/blog\/articles\/gamm-vert-logo\/\" \/>\n<meta property=\"og:site_name\" content=\"image-de-marques-44.com\" \/>\n<meta property=\"og:image\" content=\"https:\/\/image-de-marques-44.com\/blog\/wp-content\/uploads\/2026\/06\/sdxl-fd68316a8c37fac519680831a8209fb4-scaled.png\" \/>\n\t<meta property=\"og:image:width\" content=\"1200\" \/>\n\t<meta property=\"og:image:height\" content=\"500\" \/>\n\t<meta property=\"og:image:type\" content=\"image\/png\" \/>\n<meta name=\"author\" content=\"Th\u00e9o Rouvier\" \/>\n<meta name=\"twitter:card\" content=\"summary_large_image\" \/>\n<script type=\"application\/ld+json\" class=\"yoast-schema-graph\">{\"@context\":\"https:\/\/schema.org\",\"@graph\":[{\"@type\":\"NewsArticle\",\"@id\":\"https:\/\/image-de-marques-44.com\/blog\/articles\/gamm-vert-logo\/#article\",\"isPartOf\":{\"@id\":\"https:\/\/image-de-marques-44.com\/blog\/articles\/gamm-vert-logo\/\"},\"author\":{\"name\":\"Th\u00e9o Rouvier\",\"@id\":\"https:\/\/image-de-marques-44.com\/blog\/#\/schema\/person\/3c864cdc320801e3db34b663e7e3f816\"},\"headline\":\"Gamm Vert logo : Guide identit\u00e9 visuelle\",\"datePublished\":\"2026-05-22T09:00:00+00:00\",\"dateModified\":\"2026-07-01T09:39:17+00:00\",\"mainEntityOfPage\":{\"@id\":\"https:\/\/image-de-marques-44.com\/blog\/articles\/gamm-vert-logo\/\"},\"wordCount\":720,\"commentCount\":0,\"publisher\":{\"@id\":\"https:\/\/image-de-marques-44.com\/blog\/#organization\"},\"image\":{\"@id\":\"https:\/\/image-de-marques-44.com\/blog\/articles\/gamm-vert-logo\/#primaryimage\"},\"thumbnailUrl\":\"https:\/\/image-de-marques-44.com\/blog\/wp-content\/uploads\/2026\/06\/sdxl-fd68316a8c37fac519680831a8209fb4-scaled.png\",\"articleSection\":[\"Articles\"],\"inLanguage\":\"fr-FR\",\"potentialAction\":[{\"@type\":\"CommentAction\",\"name\":\"Comment\",\"target\":[\"https:\/\/image-de-marques-44.com\/blog\/articles\/gamm-vert-logo\/#respond\"]}]},{\"@type\":\"WebPage\",\"@id\":\"https:\/\/image-de-marques-44.com\/blog\/articles\/gamm-vert-logo\/\",\"url\":\"https:\/\/image-de-marques-44.com\/blog\/articles\/gamm-vert-logo\/\",\"name\":\"Gamm Vert logo : Guide identit\u00e9 visuelle\",\"isPartOf\":{\"@id\":\"https:\/\/image-de-marques-44.com\/blog\/#website\"},\"primaryImageOfPage\":{\"@id\":\"https:\/\/image-de-marques-44.com\/blog\/articles\/gamm-vert-logo\/#primaryimage\"},\"image\":{\"@id\":\"https:\/\/image-de-marques-44.com\/blog\/articles\/gamm-vert-logo\/#primaryimage\"},\"thumbnailUrl\":\"https:\/\/image-de-marques-44.com\/blog\/wp-content\/uploads\/2026\/06\/sdxl-fd68316a8c37fac519680831a8209fb4-scaled.png\",\"datePublished\":\"2026-05-22T09:00:00+00:00\",\"dateModified\":\"2026-07-01T09:39:17+00:00\",\"description\":\"Le logo Gamm Vert est un \u00e9l\u00e9ment essentiel de l\u2019identit\u00e9 visuelle de cette enseigne sp\u00e9cialis\u00e9e dans le jardinage et l\u2019am\u00e9nagement ext\u00e9rieur.\",\"inLanguage\":\"fr-FR\",\"potentialAction\":[{\"@type\":\"ReadAction\",\"target\":[\"https:\/\/image-de-marques-44.com\/blog\/articles\/gamm-vert-logo\/\"]}]},{\"@type\":\"ImageObject\",\"inLanguage\":\"fr-FR\",\"@id\":\"https:\/\/image-de-marques-44.com\/blog\/articles\/gamm-vert-logo\/#primaryimage\",\"url\":\"https:\/\/image-de-marques-44.com\/blog\/wp-content\/uploads\/2026\/06\/sdxl-fd68316a8c37fac519680831a8209fb4-scaled.png\",\"contentUrl\":\"https:\/\/image-de-marques-44.com\/blog\/wp-content\/uploads\/2026\/06\/sdxl-fd68316a8c37fac519680831a8209fb4-scaled.png\",\"width\":1200,\"height\":500},{\"@type\":\"WebSite\",\"@id\":\"https:\/\/image-de-marques-44.com\/blog\/#website\",\"url\":\"https:\/\/image-de-marques-44.com\/blog\/\",\"name\":\"image-de-marques-44.com\",\"description\":\"Image de Marques 44, valorisez votre identit\u00e9\",\"publisher\":{\"@id\":\"https:\/\/image-de-marques-44.com\/blog\/#organization\"},\"alternateName\":\"Image de Marques 44, valorisez votre identit\u00e9\",\"potentialAction\":[{\"@type\":\"SearchAction\",\"target\":{\"@type\":\"EntryPoint\",\"urlTemplate\":\"https:\/\/image-de-marques-44.com\/blog\/?s={search_term_string}\"},\"query-input\":{\"@type\":\"PropertyValueSpecification\",\"valueRequired\":true,\"valueName\":\"search_term_string\"}}],\"inLanguage\":\"fr-FR\"},{\"@type\":\"Organization\",\"@id\":\"https:\/\/image-de-marques-44.com\/blog\/#organization\",\"name\":\"Foretsensations.fr\",\"url\":\"https:\/\/image-de-marques-44.com\/blog\/\",\"logo\":{\"@type\":\"ImageObject\",\"inLanguage\":\"fr-FR\",\"@id\":\"https:\/\/image-de-marques-44.com\/blog\/#\/schema\/logo\/image\/\",\"url\":\"https:\/\/image-de-marques-44.com\/blog\/wp-content\/uploads\/2025\/02\/cropped-image-de-marques-44.com_.png\",\"contentUrl\":\"https:\/\/image-de-marques-44.com\/blog\/wp-content\/uploads\/2025\/02\/cropped-image-de-marques-44.com_.png\",\"width\":500,\"height\":100,\"caption\":\"Foretsensations.fr\"},\"image\":{\"@id\":\"https:\/\/image-de-marques-44.com\/blog\/#\/schema\/logo\/image\/\"}},{\"@type\":\"Person\",\"@id\":\"https:\/\/image-de-marques-44.com\/blog\/#\/schema\/person\/3c864cdc320801e3db34b663e7e3f816\",\"name\":\"Th\u00e9o Rouvier\",\"image\":{\"@type\":\"ImageObject\",\"inLanguage\":\"fr-FR\",\"@id\":\"https:\/\/image-de-marques-44.com\/blog\/#\/schema\/person\/image\/\",\"url\":\"https:\/\/image-de-marques-44.com\/blog\/wp-content\/uploads\/2025\/02\/stability-noname-administrator.png\",\"contentUrl\":\"https:\/\/image-de-marques-44.com\/blog\/wp-content\/uploads\/2025\/02\/stability-noname-administrator.png\",\"caption\":\"Th\u00e9o Rouvier\"},\"description\":\"Le web et la communication sont mon m\u00e9tier depuis une dizaine d'ann\u00e9es, entre r\u00e9daction, strat\u00e9gie de contenu et accompagnement de projets en ligne. J'\u00e9cris sur la cr\u00e9ation de site, le marketing digital, l'image de marque et le m\u00e9tier de r\u00e9dacteur web, avec l'envie de rendre ces sujets concrets pour les ind\u00e9pendants et les petites entreprises. J'aime expliquer comment se construit une pr\u00e9sence en ligne cr\u00e9dible, du choix des mots \u00e0 la coh\u00e9rence visuelle, sans recourir au jargon d'agence. Avant de recommander une m\u00e9thode ou un outil, je l'\u00e9prouve sur le terrain et je distingue ce qui marche vraiment des promesses \u00e0 la mode. Je me m\u00e9fie des recettes miracles en marketing, car aucune ne dispense de travail et de r\u00e9gularit\u00e9. Mon angle : donner des rep\u00e8res solides pour communiquer juste et b\u00e2tir une marque qui dure, \u00e0 hauteur de budgets r\u00e9els et d'\u00e9quipes r\u00e9duites.\",\"sameAs\":[\"https:\/\/theorouvier.fr\/\"],\"url\":\"https:\/\/image-de-marques-44.com\/blog\/auteur\/noname\/\"}]}<\/script>\n<!-- \/ Yoast SEO Premium plugin. -->","yoast_head_json":{"title":"Gamm Vert logo : Guide identit\u00e9 visuelle","description":"Le logo Gamm Vert est un \u00e9l\u00e9ment essentiel de l\u2019identit\u00e9 visuelle de cette enseigne sp\u00e9cialis\u00e9e dans le jardinage et l\u2019am\u00e9nagement ext\u00e9rieur.","robots":{"index":"index","follow":"follow","max-snippet":"max-snippet:-1","max-image-preview":"max-image-preview:large","max-video-preview":"max-video-preview:-1"},"canonical":"https:\/\/image-de-marques-44.com\/blog\/articles\/gamm-vert-logo\/","og_locale":"fr_FR","og_type":"article","og_title":"Gamm Vert logo : Guide identit\u00e9 visuelle","og_description":"Le logo Gamm Vert est un \u00e9l\u00e9ment essentiel de l\u2019identit\u00e9 visuelle de cette enseigne sp\u00e9cialis\u00e9e dans le jardinage et l\u2019am\u00e9nagement ext\u00e9rieur.","og_url":"https:\/\/image-de-marques-44.com\/blog\/articles\/gamm-vert-logo\/","og_site_name":"image-de-marques-44.com","og_image":[{"width":1200,"height":500,"url":"https:\/\/image-de-marques-44.com\/blog\/wp-content\/uploads\/2026\/06\/sdxl-fd68316a8c37fac519680831a8209fb4-scaled.png","type":"image\/png"}],"author":"Th\u00e9o Rouvier","twitter_card":"summary_large_image","schema":{"@context":"https:\/\/schema.org","@graph":[{"@type":"NewsArticle","@id":"https:\/\/image-de-marques-44.com\/blog\/articles\/gamm-vert-logo\/#article","isPartOf":{"@id":"https:\/\/image-de-marques-44.com\/blog\/articles\/gamm-vert-logo\/"},"author":{"name":"Th\u00e9o Rouvier","@id":"https:\/\/image-de-marques-44.com\/blog\/#\/schema\/person\/3c864cdc320801e3db34b663e7e3f816"},"headline":"Gamm Vert logo : Guide identit\u00e9 visuelle","datePublished":"2026-05-22T09:00:00+00:00","dateModified":"2026-07-01T09:39:17+00:00","mainEntityOfPage":{"@id":"https:\/\/image-de-marques-44.com\/blog\/articles\/gamm-vert-logo\/"},"wordCount":720,"commentCount":0,"publisher":{"@id":"https:\/\/image-de-marques-44.com\/blog\/#organization"},"image":{"@id":"https:\/\/image-de-marques-44.com\/blog\/articles\/gamm-vert-logo\/#primaryimage"},"thumbnailUrl":"https:\/\/image-de-marques-44.com\/blog\/wp-content\/uploads\/2026\/06\/sdxl-fd68316a8c37fac519680831a8209fb4-scaled.png","articleSection":["Articles"],"inLanguage":"fr-FR","potentialAction":[{"@type":"CommentAction","name":"Comment","target":["https:\/\/image-de-marques-44.com\/blog\/articles\/gamm-vert-logo\/#respond"]}]},{"@type":"WebPage","@id":"https:\/\/image-de-marques-44.com\/blog\/articles\/gamm-vert-logo\/","url":"https:\/\/image-de-marques-44.com\/blog\/articles\/gamm-vert-logo\/","name":"Gamm Vert logo : Guide identit\u00e9 visuelle","isPartOf":{"@id":"https:\/\/image-de-marques-44.com\/blog\/#website"},"primaryImageOfPage":{"@id":"https:\/\/image-de-marques-44.com\/blog\/articles\/gamm-vert-logo\/#primaryimage"},"image":{"@id":"https:\/\/image-de-marques-44.com\/blog\/articles\/gamm-vert-logo\/#primaryimage"},"thumbnailUrl":"https:\/\/image-de-marques-44.com\/blog\/wp-content\/uploads\/2026\/06\/sdxl-fd68316a8c37fac519680831a8209fb4-scaled.png","datePublished":"2026-05-22T09:00:00+00:00","dateModified":"2026-07-01T09:39:17+00:00","description":"Le logo Gamm Vert est un \u00e9l\u00e9ment essentiel de l\u2019identit\u00e9 visuelle de cette enseigne sp\u00e9cialis\u00e9e dans le jardinage et l\u2019am\u00e9nagement ext\u00e9rieur.","inLanguage":"fr-FR","potentialAction":[{"@type":"ReadAction","target":["https:\/\/image-de-marques-44.com\/blog\/articles\/gamm-vert-logo\/"]}]},{"@type":"ImageObject","inLanguage":"fr-FR","@id":"https:\/\/image-de-marques-44.com\/blog\/articles\/gamm-vert-logo\/#primaryimage","url":"https:\/\/image-de-marques-44.com\/blog\/wp-content\/uploads\/2026\/06\/sdxl-fd68316a8c37fac519680831a8209fb4-scaled.png","contentUrl":"https:\/\/image-de-marques-44.com\/blog\/wp-content\/uploads\/2026\/06\/sdxl-fd68316a8c37fac519680831a8209fb4-scaled.png","width":1200,"height":500},{"@type":"WebSite","@id":"https:\/\/image-de-marques-44.com\/blog\/#website","url":"https:\/\/image-de-marques-44.com\/blog\/","name":"image-de-marques-44.com","description":"Image de Marques 44, valorisez votre identit\u00e9","publisher":{"@id":"https:\/\/image-de-marques-44.com\/blog\/#organization"},"alternateName":"Image de Marques 44, valorisez votre identit\u00e9","potentialAction":[{"@type":"SearchAction","target":{"@type":"EntryPoint","urlTemplate":"https:\/\/image-de-marques-44.com\/blog\/?s={search_term_string}"},"query-input":{"@type":"PropertyValueSpecification","valueRequired":true,"valueName":"search_term_string"}}],"inLanguage":"fr-FR"},{"@type":"Organization","@id":"https:\/\/image-de-marques-44.com\/blog\/#organization","name":"Foretsensations.fr","url":"https:\/\/image-de-marques-44.com\/blog\/","logo":{"@type":"ImageObject","inLanguage":"fr-FR","@id":"https:\/\/image-de-marques-44.com\/blog\/#\/schema\/logo\/image\/","url":"https:\/\/image-de-marques-44.com\/blog\/wp-content\/uploads\/2025\/02\/cropped-image-de-marques-44.com_.png","contentUrl":"https:\/\/image-de-marques-44.com\/blog\/wp-content\/uploads\/2025\/02\/cropped-image-de-marques-44.com_.png","width":500,"height":100,"caption":"Foretsensations.fr"},"image":{"@id":"https:\/\/image-de-marques-44.com\/blog\/#\/schema\/logo\/image\/"}},{"@type":"Person","@id":"https:\/\/image-de-marques-44.com\/blog\/#\/schema\/person\/3c864cdc320801e3db34b663e7e3f816","name":"Th\u00e9o Rouvier","image":{"@type":"ImageObject","inLanguage":"fr-FR","@id":"https:\/\/image-de-marques-44.com\/blog\/#\/schema\/person\/image\/","url":"https:\/\/image-de-marques-44.com\/blog\/wp-content\/uploads\/2025\/02\/stability-noname-administrator.png","contentUrl":"https:\/\/image-de-marques-44.com\/blog\/wp-content\/uploads\/2025\/02\/stability-noname-administrator.png","caption":"Th\u00e9o Rouvier"},"description":"Le web et la communication sont mon m\u00e9tier depuis une dizaine d'ann\u00e9es, entre r\u00e9daction, strat\u00e9gie de contenu et accompagnement de projets en ligne. J'\u00e9cris sur la cr\u00e9ation de site, le marketing digital, l'image de marque et le m\u00e9tier de r\u00e9dacteur web, avec l'envie de rendre ces sujets concrets pour les ind\u00e9pendants et les petites entreprises. J'aime expliquer comment se construit une pr\u00e9sence en ligne cr\u00e9dible, du choix des mots \u00e0 la coh\u00e9rence visuelle, sans recourir au jargon d'agence. Avant de recommander une m\u00e9thode ou un outil, je l'\u00e9prouve sur le terrain et je distingue ce qui marche vraiment des promesses \u00e0 la mode. Je me m\u00e9fie des recettes miracles en marketing, car aucune ne dispense de travail et de r\u00e9gularit\u00e9. Mon angle : donner des rep\u00e8res solides pour communiquer juste et b\u00e2tir une marque qui dure, \u00e0 hauteur de budgets r\u00e9els et d'\u00e9quipes r\u00e9duites.","sameAs":["https:\/\/theorouvier.fr\/"],"url":"https:\/\/image-de-marques-44.com\/blog\/auteur\/noname\/"}]}},"_links":{"self":[{"href":"https:\/\/image-de-marques-44.com\/blog\/wp-json\/wp\/v2\/posts\/7788","targetHints":{"allow":["GET"]}}],"collection":[{"href":"https:\/\/image-de-marques-44.com\/blog\/wp-json\/wp\/v2\/posts"}],"about":[{"href":"https:\/\/image-de-marques-44.com\/blog\/wp-json\/wp\/v2\/types\/post"}],"author":[{"embeddable":true,"href":"https:\/\/image-de-marques-44.com\/blog\/wp-json\/wp\/v2\/users\/34"}],"replies":[{"embeddable":true,"href":"https:\/\/image-de-marques-44.com\/blog\/wp-json\/wp\/v2\/comments?post=7788"}],"version-history":[{"count":2,"href":"https:\/\/image-de-marques-44.com\/blog\/wp-json\/wp\/v2\/posts\/7788\/revisions"}],"predecessor-version":[{"id":7977,"href":"https:\/\/image-de-marques-44.com\/blog\/wp-json\/wp\/v2\/posts\/7788\/revisions\/7977"}],"wp:featuredmedia":[{"embeddable":true,"href":"https:\/\/image-de-marques-44.com\/blog\/wp-json\/wp\/v2\/media\/7833"}],"wp:attachment":[{"href":"https:\/\/image-de-marques-44.com\/blog\/wp-json\/wp\/v2\/media?parent=7788"}],"wp:term":[{"taxonomy":"category","embeddable":true,"href":"https:\/\/image-de-marques-44.com\/blog\/wp-json\/wp\/v2\/categories?post=7788"},{"taxonomy":"post_tag","embeddable":true,"href":"https:\/\/image-de-marques-44.com\/blog\/wp-json\/wp\/v2\/tags?post=7788"}],"curies":[{"name":"wp","href":"https:\/\/api.w.org\/{rel}","templated":true}]}}