{"id":7792,"date":"2026-06-25T09:00:00","date_gmt":"2026-06-25T09:00:00","guid":{"rendered":"https:\/\/image-de-marques-44.com\/blog\/?p=7792"},"modified":"2026-07-01T11:39:28","modified_gmt":"2026-07-01T09:39:28","slug":"logo-decathlon","status":"publish","type":"post","link":"https:\/\/image-de-marques-44.com\/blog\/articles\/logo-decathlon\/","title":{"rendered":"Logo Decathlon : Analyse Design et Branding 2026"},"content":{"rendered":"<p>Le logo de Decathlon, embl\u00e8me de la marque depuis plusieurs d\u00e9cennies, a subi diverses \u00e9volutions pour s\u2019adapter aux tendances et \u00e0 l\u2019identit\u00e9 de l\u2019entreprise. En 2026, il est crucial d\u2019explorer comment le design de ce logo refl\u00e8te les valeurs d\u2019innovation et d\u2019accessibilit\u00e9 qui caract\u00e9risent Decathlon. Cet article examine \u00e9galement des alternatives au logo, offrant une perspective comparative sur leur efficacit\u00e9 en termes de branding.<\/p>\n<h2>Historique du logo Decathlon<\/h2>\n<p>Le logo original de Decathlon a \u00e9t\u00e9 cr\u00e9\u00e9 en 1976. Il se composait principalement d\u2019un texte simple et lisible, souvent accompagn\u00e9 d\u2019un symbole \u00e9voquant le sport. Au fil des ans, les changements ont \u00e9t\u00e9 subtils mais significatifs :<\/p>\n<ul>\n<li><strong>1986<\/strong> : Introduction du bleu et du jaune, couleurs embl\u00e9matiques qui restent aujourd\u2019hui.<\/li>\n<li><strong>2000<\/strong> : Simplification du design pour une meilleure visibilit\u00e9 sur les supports num\u00e9riques.<\/li>\n<li><strong>2020<\/strong> : R\u00e9vision majeure avec un accent sur la durabilit\u00e9, int\u00e9grant des \u00e9l\u00e9ments graphiques plus organiques.<\/li>\n<\/ul>\n<h3>\u00c9volution en chiffres<\/h3>\n<ul>\n<li><strong>20%<\/strong> : Augmentation de la reconnaissance de la marque apr\u00e8s le dernier redesign en 2020.<\/li>\n<li><strong>15%<\/strong> : R\u00e9duction des co\u00fbts d\u2019impression gr\u00e2ce \u00e0 la simplification des \u00e9l\u00e9ments graphiques.<\/li>\n<\/ul>\n<h2>Analyse du design actuel<\/h2>\n<p>Le logo actuel se distingue par son minimalisme. La typographie est moderne et sans empattement, ce qui lui conf\u00e8re une apparence dynamique. Le choix des couleurs \u2014 un bleu vif associ\u00e9 \u00e0 un jaune lumineux \u2014 symbolise l\u2019\u00e9nergie et la convivialit\u00e9.<\/p>\n<h3>\u00c9l\u00e9ments cl\u00e9s du design<\/h3>\n<ol>\n<li><strong>Typographie claire<\/strong> : Facilite la lecture sur divers supports.<\/li>\n<li><strong>Couleurs vives<\/strong> : Attirent l\u2019attention tout en \u00e9tant facilement reconnaissables.<\/li>\n<li><strong>Simplicit\u00e9<\/strong> : Permet une utilisation flexible dans diff\u00e9rents contextes (affiches, v\u00eatements, site web).<\/li>\n<\/ol>\n<h2>Alternatives au logo Decathlon<\/h2>\n<p>Bien que le logo actuel soit efficace, il existe plusieurs alternatives que certaines marques sportives ont adopt\u00e9es :<\/p>\n<table class=\"kwdbank-table\">\n<thead>\n<tr>\n<th>Marque<\/th>\n<th>Logo<\/th>\n<th>Caract\u00e9ristiques cl\u00e9s<\/th>\n<\/tr>\n<\/thead>\n<tbody>\n<tr>\n<td>Nike<\/td>\n<td>Swoosh<\/td>\n<td>Iconique et minimaliste, symbole de mouvement<\/td>\n<\/tr>\n<tr>\n<td>Adidas<\/td>\n<td>Trois bandes<\/td>\n<td>Repr\u00e9sente l\u2019unit\u00e9 et la performance sportive<\/td>\n<\/tr>\n<tr>\n<td>Under Armour<\/td>\n<td>Bouclier<\/td>\n<td>\u00c9voque protection et force<\/td>\n<\/tr>\n<\/tbody>\n<\/table>\n<h3>Avantages des logos alternatifs<\/h3>\n<p>Les logos alternatifs comme ceux de Nike ou Adidas b\u00e9n\u00e9ficient d\u2019une forte reconnaissance mondiale gr\u00e2ce \u00e0 leur conception iconique. Par exemple, le Swoosh de Nike est instantan\u00e9ment identifiable et \u00e9voque imm\u00e9diatement des \u00e9motions li\u00e9es au sport.<\/p>\n<h2>Pi\u00e8ges \u00e0 \u00e9viter lors du redesign<\/h2>\n<p>Lorsqu\u2019une entreprise envisage un changement de logo, elle doit \u00e9viter certains pi\u00e8ges courants :<\/p>\n<ul>\n<li><strong>Ignorer le feedback client<\/strong> : La perception des clients est cruciale. Un redesign sans consultation peut entra\u00eener une perte d\u2019identit\u00e9.<\/li>\n<li><strong>Complexit\u00e9 excessive<\/strong> : Trop d\u2019\u00e9l\u00e9ments peuvent nuire \u00e0 la lisibilit\u00e9 et \u00e0 la m\u00e9morisation du logo.<\/li>\n<\/ul>\n<h2>Conclusion : vers un futur durable ?<\/h2>\n<p>Decathlon doit continuer \u00e0 \u00e9voluer tout en restant fid\u00e8le \u00e0 ses valeurs fondamentales. La tendance actuelle vers une conception durable pourrait influencer les futures it\u00e9rations du logo.<\/p>\n<h3>Action imm\u00e9diate<\/h3>\n<p>Pour les entrepreneurs ou designers cherchant \u00e0 red\u00e9finir leur identit\u00e9 visuelle, il est recommand\u00e9 d\u2019analyser les logos existants dans votre secteur pour comprendre ce qui fonctionne r\u00e9ellement aupr\u00e8s des consommateurs.<\/p>\n<h2>FAQ<\/h2>\n<h3>Quelle est l\u2019origine du logo Decathlon ?<\/h3>\n<p>Le logo a \u00e9t\u00e9 cr\u00e9\u00e9 lors de la fondation de l\u2019entreprise en 1976, avec une esth\u00e9tique simple mais efficace.<\/p>\n<h3>Pourquoi le bleu et le jaune ?<\/h3>\n<p>Ces couleurs symbolisent l\u2019\u00e9nergie positive li\u00e9e au sport et sont facilement identifiables dans divers m\u00e9dias.<\/p>\n<h3>Comment \u00e9volue le design des logos sportifs ?<\/h3>\n<p>Les logos sportifs tendent vers le minimalisme pour faciliter leur reconnaissance sur diff\u00e9rents supports.<\/p>\n<h3>Quelles sont les tendances actuelles en mati\u00e8re de branding ?<\/h3>\n<p>L\u2019accent est mis sur la durabilit\u00e9 et l\u2019inclusivit\u00e9 dans le design graphique.<\/p>\n<h3>Comment mesurer l\u2019impact d\u2019un nouveau logo ?<\/h3>\n<p>Des \u00e9tudes de march\u00e9 peuvent aider \u00e0 \u00e9valuer la perception client avant et apr\u00e8s un redesign.<\/p>\n<h3>Quelles entreprises devraient envisager un redesign ?<\/h3>\n<p>Celles dont l\u2019image ne correspond plus aux valeurs actuelles ou qui souhaitent moderniser leur image devraient envisager cette d\u00e9marche.<\/p>\n<hr>\n<div class=\"articles-lies\">\n<h3>&Agrave; lire aussi<\/h3>\n<ul>\n<li><a href=\"https:\/\/image-de-marques-44.com\/blog\/articles\/clim-logo\/\">Clim Logo : Guide Marques Climatisation 2026<\/a><\/li>\n<li><a href=\"https:\/\/image-de-marques-44.com\/blog\/articles\/accessoirement-votre-logo\/\">Logo entreprise : Guide complet cr\u00e9ation 2026<\/a><\/li>\n<li><a href=\"https:\/\/image-de-marques-44.com\/blog\/articles\/logo-connu\/\">Logo Connu : Top 100 Marques C\u00e9l\u00e8bres 2026<\/a><\/li>\n<li><a href=\"https:\/\/image-de-marques-44.com\/blog\/articles\/marqueting-fr\/\">Marketing.fr : Strat\u00e9gies Digital 2026 Guide<\/a><\/li>\n<\/ul>\n<\/div>\n","protected":false},"excerpt":{"rendered":"","protected":false},"author":34,"featured_media":999999999,"comment_status":"open","ping_status":"open","sticky":false,"template":"","format":"standard","meta":{"_acf_changed":false,"manual_indexmenow":false,"indexmenow_id_project":0,"footnotes":""},"categories":[4693],"tags":[],"class_list":["post-7792","post","type-post","status-publish","format-standard","has-post-thumbnail","hentry","category-articles","generate-columns","tablet-grid-50","mobile-grid-100","grid-parent","grid-25"],"acf":[],"yoast_head":"<!-- This site is optimized with the Yoast SEO Premium plugin v21.3 (Yoast SEO v26.5) - https:\/\/yoast.com\/wordpress\/plugins\/seo\/ -->\n<title>Logo Decathlon : Analyse Design et Branding 2026<\/title>\n<meta name=\"description\" content=\"Le logo de Decathlon, embl\u00e8me de la marque depuis plusieurs d\u00e9cennies, a subi diverses \u00e9volutions pour s\u2019adapter aux tendances et \u00e0 l\u2019identit\u00e9 de\u2026\" \/>\n<meta name=\"robots\" content=\"index, follow, max-snippet:-1, max-image-preview:large, max-video-preview:-1\" \/>\n<link rel=\"canonical\" href=\"https:\/\/image-de-marques-44.com\/blog\/articles\/logo-decathlon\/\" \/>\n<meta property=\"og:locale\" content=\"fr_FR\" \/>\n<meta property=\"og:type\" content=\"article\" \/>\n<meta property=\"og:title\" content=\"Logo Decathlon : Analyse Design et Branding 2026\" \/>\n<meta property=\"og:description\" content=\"Le logo de Decathlon, embl\u00e8me de la marque depuis plusieurs d\u00e9cennies, a subi diverses \u00e9volutions pour s\u2019adapter aux tendances et \u00e0 l\u2019identit\u00e9 de\u2026\" \/>\n<meta property=\"og:url\" content=\"https:\/\/image-de-marques-44.com\/blog\/articles\/logo-decathlon\/\" \/>\n<meta property=\"og:site_name\" content=\"image-de-marques-44.com\" \/>\n<meta name=\"author\" content=\"Th\u00e9o Rouvier\" \/>\n<meta name=\"twitter:card\" content=\"summary_large_image\" \/>\n<script type=\"application\/ld+json\" class=\"yoast-schema-graph\">{\"@context\":\"https:\/\/schema.org\",\"@graph\":[{\"@type\":\"NewsArticle\",\"@id\":\"https:\/\/image-de-marques-44.com\/blog\/articles\/logo-decathlon\/#article\",\"isPartOf\":{\"@id\":\"https:\/\/image-de-marques-44.com\/blog\/articles\/logo-decathlon\/\"},\"author\":{\"name\":\"Th\u00e9o Rouvier\",\"@id\":\"https:\/\/image-de-marques-44.com\/blog\/#\/schema\/person\/3c864cdc320801e3db34b663e7e3f816\"},\"headline\":\"Logo Decathlon : Analyse Design et Branding 2026\",\"datePublished\":\"2026-06-25T09:00:00+00:00\",\"dateModified\":\"2026-07-01T09:39:28+00:00\",\"mainEntityOfPage\":{\"@id\":\"https:\/\/image-de-marques-44.com\/blog\/articles\/logo-decathlon\/\"},\"wordCount\":677,\"commentCount\":0,\"publisher\":{\"@id\":\"https:\/\/image-de-marques-44.com\/blog\/#organization\"},\"image\":{\"@id\":\"https:\/\/image-de-marques-44.com\/blog\/articles\/logo-decathlon\/#primaryimage\"},\"thumbnailUrl\":\"https:\/\/images.pexels.com\/photos\/7947698\/pexels-photo-7947698.jpeg?auto=compress&cs=tinysrgb&fit=crop&h=627&w=1200\",\"articleSection\":[\"Articles\"],\"inLanguage\":\"fr-FR\",\"potentialAction\":[{\"@type\":\"CommentAction\",\"name\":\"Comment\",\"target\":[\"https:\/\/image-de-marques-44.com\/blog\/articles\/logo-decathlon\/#respond\"]}]},{\"@type\":\"WebPage\",\"@id\":\"https:\/\/image-de-marques-44.com\/blog\/articles\/logo-decathlon\/\",\"url\":\"https:\/\/image-de-marques-44.com\/blog\/articles\/logo-decathlon\/\",\"name\":\"Logo Decathlon : Analyse Design et Branding 2026\",\"isPartOf\":{\"@id\":\"https:\/\/image-de-marques-44.com\/blog\/#website\"},\"primaryImageOfPage\":{\"@id\":\"https:\/\/image-de-marques-44.com\/blog\/articles\/logo-decathlon\/#primaryimage\"},\"image\":{\"@id\":\"https:\/\/image-de-marques-44.com\/blog\/articles\/logo-decathlon\/#primaryimage\"},\"thumbnailUrl\":\"https:\/\/images.pexels.com\/photos\/7947698\/pexels-photo-7947698.jpeg?auto=compress&cs=tinysrgb&fit=crop&h=627&w=1200\",\"datePublished\":\"2026-06-25T09:00:00+00:00\",\"dateModified\":\"2026-07-01T09:39:28+00:00\",\"description\":\"Le logo de Decathlon, embl\u00e8me de la marque depuis plusieurs d\u00e9cennies, a subi diverses \u00e9volutions pour s\u2019adapter aux tendances et \u00e0 l\u2019identit\u00e9 de\u2026\",\"inLanguage\":\"fr-FR\",\"potentialAction\":[{\"@type\":\"ReadAction\",\"target\":[\"https:\/\/image-de-marques-44.com\/blog\/articles\/logo-decathlon\/\"]}]},{\"@type\":\"ImageObject\",\"inLanguage\":\"fr-FR\",\"@id\":\"https:\/\/image-de-marques-44.com\/blog\/articles\/logo-decathlon\/#primaryimage\",\"url\":\"https:\/\/images.pexels.com\/photos\/7947698\/pexels-photo-7947698.jpeg?auto=compress&cs=tinysrgb&fit=crop&h=627&w=1200\",\"contentUrl\":\"https:\/\/images.pexels.com\/photos\/7947698\/pexels-photo-7947698.jpeg?auto=compress&cs=tinysrgb&fit=crop&h=627&w=1200\"},{\"@type\":\"WebSite\",\"@id\":\"https:\/\/image-de-marques-44.com\/blog\/#website\",\"url\":\"https:\/\/image-de-marques-44.com\/blog\/\",\"name\":\"image-de-marques-44.com\",\"description\":\"Image de Marques 44, valorisez votre identit\u00e9\",\"publisher\":{\"@id\":\"https:\/\/image-de-marques-44.com\/blog\/#organization\"},\"alternateName\":\"Image de Marques 44, valorisez votre identit\u00e9\",\"potentialAction\":[{\"@type\":\"SearchAction\",\"target\":{\"@type\":\"EntryPoint\",\"urlTemplate\":\"https:\/\/image-de-marques-44.com\/blog\/?s={search_term_string}\"},\"query-input\":{\"@type\":\"PropertyValueSpecification\",\"valueRequired\":true,\"valueName\":\"search_term_string\"}}],\"inLanguage\":\"fr-FR\"},{\"@type\":\"Organization\",\"@id\":\"https:\/\/image-de-marques-44.com\/blog\/#organization\",\"name\":\"Foretsensations.fr\",\"url\":\"https:\/\/image-de-marques-44.com\/blog\/\",\"logo\":{\"@type\":\"ImageObject\",\"inLanguage\":\"fr-FR\",\"@id\":\"https:\/\/image-de-marques-44.com\/blog\/#\/schema\/logo\/image\/\",\"url\":\"https:\/\/image-de-marques-44.com\/blog\/wp-content\/uploads\/2025\/02\/cropped-image-de-marques-44.com_.png\",\"contentUrl\":\"https:\/\/image-de-marques-44.com\/blog\/wp-content\/uploads\/2025\/02\/cropped-image-de-marques-44.com_.png\",\"width\":500,\"height\":100,\"caption\":\"Foretsensations.fr\"},\"image\":{\"@id\":\"https:\/\/image-de-marques-44.com\/blog\/#\/schema\/logo\/image\/\"}},{\"@type\":\"Person\",\"@id\":\"https:\/\/image-de-marques-44.com\/blog\/#\/schema\/person\/3c864cdc320801e3db34b663e7e3f816\",\"name\":\"Th\u00e9o Rouvier\",\"image\":{\"@type\":\"ImageObject\",\"inLanguage\":\"fr-FR\",\"@id\":\"https:\/\/image-de-marques-44.com\/blog\/#\/schema\/person\/image\/\",\"url\":\"https:\/\/image-de-marques-44.com\/blog\/wp-content\/uploads\/2025\/02\/stability-noname-administrator.png\",\"contentUrl\":\"https:\/\/image-de-marques-44.com\/blog\/wp-content\/uploads\/2025\/02\/stability-noname-administrator.png\",\"caption\":\"Th\u00e9o Rouvier\"},\"description\":\"Le web et la communication sont mon m\u00e9tier depuis une dizaine d'ann\u00e9es, entre r\u00e9daction, strat\u00e9gie de contenu et accompagnement de projets en ligne. J'\u00e9cris sur la cr\u00e9ation de site, le marketing digital, l'image de marque et le m\u00e9tier de r\u00e9dacteur web, avec l'envie de rendre ces sujets concrets pour les ind\u00e9pendants et les petites entreprises. J'aime expliquer comment se construit une pr\u00e9sence en ligne cr\u00e9dible, du choix des mots \u00e0 la coh\u00e9rence visuelle, sans recourir au jargon d'agence. Avant de recommander une m\u00e9thode ou un outil, je l'\u00e9prouve sur le terrain et je distingue ce qui marche vraiment des promesses \u00e0 la mode. Je me m\u00e9fie des recettes miracles en marketing, car aucune ne dispense de travail et de r\u00e9gularit\u00e9. Mon angle : donner des rep\u00e8res solides pour communiquer juste et b\u00e2tir une marque qui dure, \u00e0 hauteur de budgets r\u00e9els et d'\u00e9quipes r\u00e9duites.\",\"sameAs\":[\"https:\/\/theorouvier.fr\/\"],\"url\":\"https:\/\/image-de-marques-44.com\/blog\/auteur\/noname\/\"}]}<\/script>\n<!-- \/ Yoast SEO Premium plugin. -->","yoast_head_json":{"title":"Logo Decathlon : Analyse Design et Branding 2026","description":"Le logo de Decathlon, embl\u00e8me de la marque depuis plusieurs d\u00e9cennies, a subi diverses \u00e9volutions pour s\u2019adapter aux tendances et \u00e0 l\u2019identit\u00e9 de\u2026","robots":{"index":"index","follow":"follow","max-snippet":"max-snippet:-1","max-image-preview":"max-image-preview:large","max-video-preview":"max-video-preview:-1"},"canonical":"https:\/\/image-de-marques-44.com\/blog\/articles\/logo-decathlon\/","og_locale":"fr_FR","og_type":"article","og_title":"Logo Decathlon : Analyse Design et Branding 2026","og_description":"Le logo de Decathlon, embl\u00e8me de la marque depuis plusieurs d\u00e9cennies, a subi diverses \u00e9volutions pour s\u2019adapter aux tendances et \u00e0 l\u2019identit\u00e9 de\u2026","og_url":"https:\/\/image-de-marques-44.com\/blog\/articles\/logo-decathlon\/","og_site_name":"image-de-marques-44.com","author":"Th\u00e9o Rouvier","twitter_card":"summary_large_image","schema":{"@context":"https:\/\/schema.org","@graph":[{"@type":"NewsArticle","@id":"https:\/\/image-de-marques-44.com\/blog\/articles\/logo-decathlon\/#article","isPartOf":{"@id":"https:\/\/image-de-marques-44.com\/blog\/articles\/logo-decathlon\/"},"author":{"name":"Th\u00e9o Rouvier","@id":"https:\/\/image-de-marques-44.com\/blog\/#\/schema\/person\/3c864cdc320801e3db34b663e7e3f816"},"headline":"Logo Decathlon : Analyse Design et Branding 2026","datePublished":"2026-06-25T09:00:00+00:00","dateModified":"2026-07-01T09:39:28+00:00","mainEntityOfPage":{"@id":"https:\/\/image-de-marques-44.com\/blog\/articles\/logo-decathlon\/"},"wordCount":677,"commentCount":0,"publisher":{"@id":"https:\/\/image-de-marques-44.com\/blog\/#organization"},"image":{"@id":"https:\/\/image-de-marques-44.com\/blog\/articles\/logo-decathlon\/#primaryimage"},"thumbnailUrl":"https:\/\/images.pexels.com\/photos\/7947698\/pexels-photo-7947698.jpeg?auto=compress&cs=tinysrgb&fit=crop&h=627&w=1200","articleSection":["Articles"],"inLanguage":"fr-FR","potentialAction":[{"@type":"CommentAction","name":"Comment","target":["https:\/\/image-de-marques-44.com\/blog\/articles\/logo-decathlon\/#respond"]}]},{"@type":"WebPage","@id":"https:\/\/image-de-marques-44.com\/blog\/articles\/logo-decathlon\/","url":"https:\/\/image-de-marques-44.com\/blog\/articles\/logo-decathlon\/","name":"Logo Decathlon : Analyse Design et Branding 2026","isPartOf":{"@id":"https:\/\/image-de-marques-44.com\/blog\/#website"},"primaryImageOfPage":{"@id":"https:\/\/image-de-marques-44.com\/blog\/articles\/logo-decathlon\/#primaryimage"},"image":{"@id":"https:\/\/image-de-marques-44.com\/blog\/articles\/logo-decathlon\/#primaryimage"},"thumbnailUrl":"https:\/\/images.pexels.com\/photos\/7947698\/pexels-photo-7947698.jpeg?auto=compress&cs=tinysrgb&fit=crop&h=627&w=1200","datePublished":"2026-06-25T09:00:00+00:00","dateModified":"2026-07-01T09:39:28+00:00","description":"Le logo de Decathlon, embl\u00e8me de la marque depuis plusieurs d\u00e9cennies, a subi diverses \u00e9volutions pour s\u2019adapter aux tendances et \u00e0 l\u2019identit\u00e9 de\u2026","inLanguage":"fr-FR","potentialAction":[{"@type":"ReadAction","target":["https:\/\/image-de-marques-44.com\/blog\/articles\/logo-decathlon\/"]}]},{"@type":"ImageObject","inLanguage":"fr-FR","@id":"https:\/\/image-de-marques-44.com\/blog\/articles\/logo-decathlon\/#primaryimage","url":"https:\/\/images.pexels.com\/photos\/7947698\/pexels-photo-7947698.jpeg?auto=compress&cs=tinysrgb&fit=crop&h=627&w=1200","contentUrl":"https:\/\/images.pexels.com\/photos\/7947698\/pexels-photo-7947698.jpeg?auto=compress&cs=tinysrgb&fit=crop&h=627&w=1200"},{"@type":"WebSite","@id":"https:\/\/image-de-marques-44.com\/blog\/#website","url":"https:\/\/image-de-marques-44.com\/blog\/","name":"image-de-marques-44.com","description":"Image de Marques 44, valorisez votre identit\u00e9","publisher":{"@id":"https:\/\/image-de-marques-44.com\/blog\/#organization"},"alternateName":"Image de Marques 44, valorisez votre identit\u00e9","potentialAction":[{"@type":"SearchAction","target":{"@type":"EntryPoint","urlTemplate":"https:\/\/image-de-marques-44.com\/blog\/?s={search_term_string}"},"query-input":{"@type":"PropertyValueSpecification","valueRequired":true,"valueName":"search_term_string"}}],"inLanguage":"fr-FR"},{"@type":"Organization","@id":"https:\/\/image-de-marques-44.com\/blog\/#organization","name":"Foretsensations.fr","url":"https:\/\/image-de-marques-44.com\/blog\/","logo":{"@type":"ImageObject","inLanguage":"fr-FR","@id":"https:\/\/image-de-marques-44.com\/blog\/#\/schema\/logo\/image\/","url":"https:\/\/image-de-marques-44.com\/blog\/wp-content\/uploads\/2025\/02\/cropped-image-de-marques-44.com_.png","contentUrl":"https:\/\/image-de-marques-44.com\/blog\/wp-content\/uploads\/2025\/02\/cropped-image-de-marques-44.com_.png","width":500,"height":100,"caption":"Foretsensations.fr"},"image":{"@id":"https:\/\/image-de-marques-44.com\/blog\/#\/schema\/logo\/image\/"}},{"@type":"Person","@id":"https:\/\/image-de-marques-44.com\/blog\/#\/schema\/person\/3c864cdc320801e3db34b663e7e3f816","name":"Th\u00e9o Rouvier","image":{"@type":"ImageObject","inLanguage":"fr-FR","@id":"https:\/\/image-de-marques-44.com\/blog\/#\/schema\/person\/image\/","url":"https:\/\/image-de-marques-44.com\/blog\/wp-content\/uploads\/2025\/02\/stability-noname-administrator.png","contentUrl":"https:\/\/image-de-marques-44.com\/blog\/wp-content\/uploads\/2025\/02\/stability-noname-administrator.png","caption":"Th\u00e9o Rouvier"},"description":"Le web et la communication sont mon m\u00e9tier depuis une dizaine d'ann\u00e9es, entre r\u00e9daction, strat\u00e9gie de contenu et accompagnement de projets en ligne. J'\u00e9cris sur la cr\u00e9ation de site, le marketing digital, l'image de marque et le m\u00e9tier de r\u00e9dacteur web, avec l'envie de rendre ces sujets concrets pour les ind\u00e9pendants et les petites entreprises. J'aime expliquer comment se construit une pr\u00e9sence en ligne cr\u00e9dible, du choix des mots \u00e0 la coh\u00e9rence visuelle, sans recourir au jargon d'agence. Avant de recommander une m\u00e9thode ou un outil, je l'\u00e9prouve sur le terrain et je distingue ce qui marche vraiment des promesses \u00e0 la mode. Je me m\u00e9fie des recettes miracles en marketing, car aucune ne dispense de travail et de r\u00e9gularit\u00e9. Mon angle : donner des rep\u00e8res solides pour communiquer juste et b\u00e2tir une marque qui dure, \u00e0 hauteur de budgets r\u00e9els et d'\u00e9quipes r\u00e9duites.","sameAs":["https:\/\/theorouvier.fr\/"],"url":"https:\/\/image-de-marques-44.com\/blog\/auteur\/noname\/"}]}},"_links":{"self":[{"href":"https:\/\/image-de-marques-44.com\/blog\/wp-json\/wp\/v2\/posts\/7792","targetHints":{"allow":["GET"]}}],"collection":[{"href":"https:\/\/image-de-marques-44.com\/blog\/wp-json\/wp\/v2\/posts"}],"about":[{"href":"https:\/\/image-de-marques-44.com\/blog\/wp-json\/wp\/v2\/types\/post"}],"author":[{"embeddable":true,"href":"https:\/\/image-de-marques-44.com\/blog\/wp-json\/wp\/v2\/users\/34"}],"replies":[{"embeddable":true,"href":"https:\/\/image-de-marques-44.com\/blog\/wp-json\/wp\/v2\/comments?post=7792"}],"version-history":[{"count":2,"href":"https:\/\/image-de-marques-44.com\/blog\/wp-json\/wp\/v2\/posts\/7792\/revisions"}],"predecessor-version":[{"id":7981,"href":"https:\/\/image-de-marques-44.com\/blog\/wp-json\/wp\/v2\/posts\/7792\/revisions\/7981"}],"wp:attachment":[{"href":"https:\/\/image-de-marques-44.com\/blog\/wp-json\/wp\/v2\/media?parent=7792"}],"wp:term":[{"taxonomy":"category","embeddable":true,"href":"https:\/\/image-de-marques-44.com\/blog\/wp-json\/wp\/v2\/categories?post=7792"},{"taxonomy":"post_tag","embeddable":true,"href":"https:\/\/image-de-marques-44.com\/blog\/wp-json\/wp\/v2\/tags?post=7792"}],"curies":[{"name":"wp","href":"https:\/\/api.w.org\/{rel}","templated":true}]}}