{"id":7988,"date":"2026-07-28T00:10:15","date_gmt":"2026-07-27T22:10:15","guid":{"rendered":"https:\/\/image-de-marques-44.com\/blog\/a-la-une\/creation-identite-visuelle\/"},"modified":"2026-07-28T00:10:15","modified_gmt":"2026-07-27T22:10:15","slug":"creation-identite-visuelle","status":"publish","type":"post","link":"https:\/\/image-de-marques-44.com\/blog\/a-la-une\/creation-identite-visuelle\/","title":{"rendered":"Cr\u00e9ation identit\u00e9 visuelle : les \u00e9tapes cl\u00e9s d&rsquo;une marque qui marque"},"content":{"rendered":"<div style=\"background:#f0f7ff;border-left:4px solid #2563eb;padding:16px 20px;margin:0 0 28px;border-radius:6px\">\n<p><strong>\u26a1 En bref<\/strong><\/p>\n<ul>\n<li>Comprendre ce qu&rsquo;on met vraiment derri\u00e8re \u201cidentit\u00e9 visuelle\u201d<\/li>\n<li>Poser les bases : valeurs, positionnement, cible\u2026 avant m\u00eame de penser graphisme<\/li>\n<li>Faire l&rsquo;\u00e9tat des lieux de l&rsquo;existant : audit visuel sans complaisance<\/li>\n<li>Choisir entre travailler avec un pro ou cr\u00e9er soi-m\u00eame : un vrai choix strat\u00e9gique<\/li>\n<li>Le logo : pilier visible, mais pas unique, de votre univers graphique<\/li>\n<\/ul>\n<\/div>\n<p>Vous lancez votre marque, vous voulez professionnaliser votre image, ou vous sentez que votre logo actuel fait le job\u2026 mais pas vraiment. Franchement, c&rsquo;est souvent l\u00e0 que tout se joue : on juge une marque en quelques secondes, parfois juste \u00e0 l&rsquo;apparence. La <strong>cr\u00e9ation identit\u00e9 visuelle<\/strong> ne consiste donc pas \u00e0 \u201cfaire un joli logo\u201d, mais \u00e0 construire un syst\u00e8me coh\u00e9rent qui porte votre message partout, du site web aux r\u00e9seaux sociaux, en passant par le print et le packaging. <\/p>\n<p>Et c&rsquo;est justement ce syst\u00e8me qui \u00e9vite les bricolages graphiques, les incoh\u00e9rences et les changements permanents. Si vous partez dans tous les sens d\u00e8s le d\u00e9part, votre marque donnera vite une impression floue. Si vous posez les bases correctement, vous gagnez en cr\u00e9dibilit\u00e9, en reconnaissance et en clart\u00e9. <\/p>\n<h2>Comprendre ce qu&rsquo;on met vraiment derri\u00e8re \u201cidentit\u00e9 visuelle\u201d<\/h2>\n<p>L&rsquo;<strong>identit\u00e9 visuelle<\/strong>, c&rsquo;est l&rsquo;ensemble des \u00e9l\u00e9ments graphiques qui rendent une marque reconnaissable : logo, couleurs, typographies, images, iconographie, formes, mise en page et r\u00e8gles d&rsquo;usage. Elle fait partie de l&rsquo;identit\u00e9 de marque, mais elle ne la remplace pas. L&rsquo;identit\u00e9 de marque parle de strat\u00e9gie, de valeurs, de positionnement et de personnalit\u00e9. L&rsquo;identit\u00e9 visuelle, elle, traduit tout \u00e7a en signes visibles. <\/p>\n<p>Personnellement, je trouve que la confusion vient souvent d&rsquo;une obsession pour le logo. Or un logo seul ne raconte pas grand-chose. Une marque de cosm\u00e9tique pourra miser sur des tons doux, beaucoup d&rsquo;espace blanc et des visuels tr\u00e8s propres. Une start-up tech choisira souvent une palette plus tranch\u00e9e, une typographie nette et des illustrations plus g\u00e9om\u00e9triques. Une boulangerie artisanale, elle, aura tout int\u00e9r\u00eat \u00e0 travailler des teintes chaudes, des photos de mati\u00e8re et une sensation plus humaine. <\/p>\n<p>On parle aussi d&rsquo;<u>univers graphique<\/u> pour d\u00e9signer cette coh\u00e9rence d&rsquo;ensemble. C&rsquo;est ce qui fait que, m\u00eame sans voir le nom, on reconna\u00eet une marque au premier coup d&rsquo;\u0153il. Et \u00e7a, c&rsquo;est pr\u00e9cieux. <\/p>\n<h2>Poser les bases : valeurs, positionnement, cible\u2026 avant m\u00eame de penser graphisme<\/h2>\n<p>Avant de toucher \u00e0 la couleur ou au logo, il faut savoir ce que la marque veut dire. Quelle est votre mission ? Quelles valeurs voulez-vous d\u00e9fendre ? \u00c0 qui vous adressez-vous ? Pourquoi vous plut\u00f4t qu&rsquo;un concurrent ? Ces questions ne sont pas th\u00e9oriques. Elles orientent tout le reste. <\/p>\n<ul>\n<li>Votre marque vend quoi, exactement ?<\/li>\n<li>Quelles \u00e9motions doit-elle transmettre ?<\/li>\n<li>Quel ton lui ressemble vraiment ?<\/li>\n<li>Quel public veut-on convaincre en premier ?<\/li>\n<\/ul>\n<p>Si vous r\u00e9pondez vaguement, le design suivra la m\u00eame pente. Si vous r\u00e9pondez avec pr\u00e9cision, votre identit\u00e9 visuelle gagne en coh\u00e9rence et en force. C&rsquo;est tr\u00e8s simple : un design joli mais hors sujet reste un design hors sujet. <\/p>\n<div>\n<p><strong>\u00c0 retenir<\/strong> : une bonne identit\u00e9 visuelle commence par la strat\u00e9gie, pas par l&rsquo;esth\u00e9tique. Le graphisme vient apr\u00e8s, pas avant.<\/p>\n<\/div>\n<h2>Faire l&rsquo;\u00e9tat des lieux de l&rsquo;existant : audit visuel sans complaisance<\/h2>\n<p>Si vous avez d\u00e9j\u00e0 un logo, des couleurs ou des visuels, faites un audit sans vous mentir. Le logo est-il encore lisible ? Les couleurs tiennent-elles sur le web et sur papier ? Les typographies racontent-elles la m\u00eame histoire partout ? Et surtout, votre image para\u00eet-elle actuelle ou fatigu\u00e9e ? <\/p>\n<p>Regardez aussi la qualit\u00e9 per\u00e7ue. Un visuel pixelis\u00e9, une palette confuse, une mise en page trop serr\u00e9e ou des photos prises \u00e0 la vol\u00e9e peuvent vite donner un <strong>d\u00e9calage visuel<\/strong> avec le niveau de qualit\u00e9 r\u00e9el de votre offre. \u00c7a se voit imm\u00e9diatement, et le client le sent. <\/p>\n<p>Un mini audit efficace tient souvent en quatre points : lisibilit\u00e9, coh\u00e9rence, modernit\u00e9, adaptabilit\u00e9. Si un \u00e9l\u00e9ment coince, il faut le corriger avant d&#8217;empiler de nouvelles id\u00e9es. C&rsquo;est plus sain, et nettement plus rentable. <\/p>\n<h2>Choisir entre travailler avec un pro ou cr\u00e9er soi-m\u00eame : un vrai choix strat\u00e9gique<\/h2>\n<p>Il n&rsquo;y a pas de r\u00e9ponse unique. Faire appel \u00e0 une agence, \u00e0 un graphiste freelance ou \u00e0 un studio apporte une vraie m\u00e9thode : brief, recherche, pistes cr\u00e9atives, ajustements, livrables, charte graphique. En face, le DIY s\u00e9duit par son budget plus l\u00e9ger et sa souplesse. Mais les limites arrivent vite si vous voulez durer. <\/p>\n<div style=\"overflow-x:auto\">\n<table>\n<tr>\n<th>Option<\/th>\n<th>Points forts<\/th>\n<th>Limites<\/th>\n<th>Pour qui ?<\/th>\n<\/tr>\n<tr>\n<td><strong>Studio de branding<\/strong><\/td>\n<td>Vision globale, accompagnement strat\u00e9gique, livrables solides<\/td>\n<td>Budget plus \u00e9lev\u00e9<\/td>\n<td>Marques qui veulent construire une base durable<\/td>\n<\/tr>\n<tr>\n<td>Graphiste freelance<\/td>\n<td>Souplesse, proximit\u00e9, bon niveau de personnalisation<\/td>\n<td>Accompagnement parfois plus limit\u00e9 sur la strat\u00e9gie<\/td>\n<td>Freelances, TPE, petites structures<\/td>\n<\/tr>\n<tr>\n<td>Cr\u00e9ation en interne<\/td>\n<td>Rapide, \u00e9conomique, pratique au d\u00e9marrage<\/td>\n<td>Risque d&rsquo;incoh\u00e9rence, manque de recul<\/td>\n<td>Phase de lancement, budget serr\u00e9<\/td>\n<\/tr>\n<\/table>\n<\/div>\n<p>Canva, Figma ou Adobe Express d\u00e9pannent tr\u00e8s bien au d\u00e9but. Je le dis franchement : pour tester une offre, lancer une activit\u00e9 ou produire quelques contenus propres, \u00e7a fait le travail. Mais si vous voulez une identit\u00e9 qui tienne sur la dur\u00e9e, il faut une vraie logique graphique, pas seulement des mod\u00e8les sympathiques. <\/p>\n<h2>Le logo : pilier visible, mais pas unique, de votre univers graphique<\/h2>\n<p>Le logo est un rep\u00e8re, pas un r\u00e9sum\u00e9 total. Il sert de point d&rsquo;ancrage \u00e0 l&rsquo;identit\u00e9 visuelle, mais il doit vivre avec le reste. On distingue plusieurs grands formats : logotype centr\u00e9 sur le nom, monogramme, pictogramme ou embl\u00e8me. Le plus important ? La simplicit\u00e9, la m\u00e9morisation et l&rsquo;adaptabilit\u00e9. <\/p>\n<p>Un bon logo fonctionne en petit, en noir et blanc, sur fond clair comme sur fond photo. Il supporte une version horizontale, une version compacte et parfois un favicon pour le web. Si votre logo perd sa force d\u00e8s qu&rsquo;on le r\u00e9duit, il faut revoir la copie. <\/p>\n<h2>Couleurs, typographies, iconographie : construire une palette qui parle pour vous<\/h2>\n<p>La <strong>palette de couleurs<\/strong> donne le ton. En g\u00e9n\u00e9ral, on construit une base avec une ou deux couleurs principales, quelques teintes secondaires et des neutres pour les fonds et le texte. Oui, la symbolique des couleurs compte. Mais je pr\u00e9f\u00e8re une lecture plus pragmatique : une couleur doit surtout \u00eatre coh\u00e9rente avec votre positionnement et lisible partout. <\/p>\n<p>Pensez aussi \u00e0 l&rsquo;accessibilit\u00e9 graphique. Un contraste trop faible fatigue la lecture. Des couleurs mal choisies compliquent la navigation. Et si votre public doit deviner le contenu au lieu de le lire, vous avez d\u00e9j\u00e0 perdu du terrain. <\/p>\n<p>Pour la <strong>typographie<\/strong>, limitez-vous \u00e0 deux ou trois polices maximum : une pour les titres, une pour les textes courants, parfois une troisi\u00e8me pour un accent pr\u00e9cis. Une combinaison serif et sans-serif marche souvent tr\u00e8s bien. Ce n&rsquo;est pas la police la plus originale qui gagne, c&rsquo;est celle qui reste claire, stable et coh\u00e9rente sur mobile comme sur papier. <\/p>\n<p>L&rsquo;iconographie, les photos et les illustrations compl\u00e8tent l&rsquo;ensemble. Photos pos\u00e9es ou plus spontan\u00e9es ? Lumi\u00e8re douce ou contrast\u00e9e ? Illustrations rondes ou plus techniques ? Ces choix changent tout. Un m\u00eame message peut para\u00eetre chaleureux, premium ou tr\u00e8s corporate selon le traitement visuel. <\/p>\n<h2>Charte graphique : le mode d&#8217;emploi visuel qui \u00e9vite le grand n&rsquo;importe quoi<\/h2>\n<p>La <strong>charte graphique<\/strong> rassemble les r\u00e8gles d&rsquo;usage de votre identit\u00e9 visuelle. C&rsquo;est votre mode d&#8217;emploi. Elle explique comment utiliser le logo, quelles couleurs employer, quelles tailles de texte respecter, comment aligner les \u00e9l\u00e9ments, quels visuels \u00e9viter, et comment d\u00e9cliner la marque sur diff\u00e9rents supports. <\/p>\n<p>Une bonne charte ne reste pas vague. Elle donne des codes hexad\u00e9cimaux, des r\u00e8gles de marges, des exemples de maquettes pour le web, les r\u00e9seaux sociaux, les flyers ou la signature mail. Plus elle est concr\u00e8te, plus vos \u00e9quipes l&rsquo;appliquent correctement. <\/p>\n<div>\n<p><strong>Astuce DIY<\/strong> : gardez un dossier unique avec vos couleurs, vos polices, vos mod\u00e8les de posts et vos visuels valid\u00e9s. On \u00e9vite ainsi les \u201cpetites variations\u201d qui cassent tout en silence.<\/p>\n<\/div>\n<h2>Mettre en sc\u00e8ne votre identit\u00e9 visuelle sur les supports du quotidien<\/h2>\n<p>Votre identit\u00e9 visuelle ne vaut que si elle vit bien partout. Sur un site web, elle doit rester lisible et respirer. Sur Instagram, elle doit \u00eatre identifiable en miniature. Sur un devis, une carte de visite ou un packaging, elle doit tenir sans s&rsquo;\u00e9craser. <\/p>\n<p>Le plus souvent, les marques perdent leur coh\u00e9rence au moment des d\u00e9clinaisons. Un fond mal choisi ici, une typo remplac\u00e9e l\u00e0, et tout se brouille. Gardez le m\u00eame socle visuel, m\u00eame si le format change. C&rsquo;est comme \u00e7a qu&rsquo;on cr\u00e9e une vraie reconnaissance de marque. <\/p>\n<h2>R\u00e9f\u00e9rences, inspirations, tendances : o\u00f9 chercher des id\u00e9es sans copier<\/h2>\n<p>Les bonnes inspirations viennent de portfolios de designers, de sites d&rsquo;agences, de plateformes de cr\u00e9ation et de blogs sp\u00e9cialis\u00e9s. Mais il faut regarder avec m\u00e9thode : qui signe le projet ? Dans quel contexte a-t-il \u00e9t\u00e9 cr\u00e9\u00e9 ? Est-ce adapt\u00e9 \u00e0 votre secteur ? Copier une esth\u00e9tique qui ne vous ressemble pas est une mauvaise id\u00e9e. Point. <\/p>\n<p>Le <strong>moodboard<\/strong> sert justement \u00e0 trier ces inspirations. On y rassemble des images, des couleurs, des mati\u00e8res, des typographies et des exemples de mise en page pour clarifier une direction. Ce n&rsquo;est pas un collage d\u00e9coratif, c&rsquo;est un outil de d\u00e9cision. <\/p>\n<h2>Garder une identit\u00e9 visuelle coh\u00e9rente dans la dur\u00e9e sans la figer \u00e0 vie<\/h2>\n<p>Une identit\u00e9 visuelle n&rsquo;est pas un bloc de pierre. Elle doit vivre, s&rsquo;ajuster, s&rsquo;actualiser. Tous les deux ans environ, un point de contr\u00f4le aide \u00e0 v\u00e9rifier ce qui fonctionne encore et ce qui fatigue. Parfois, une petite \u00e9volution suffit : une palette l\u00e9g\u00e8rement affin\u00e9e, des visuels plus propres, une grille plus souple. <\/p>\n<p>Documentez tout, formez vos \u00e9quipes et validez les cr\u00e9ations avant publication. C&rsquo;est moins glamour que le \u201cgrand rebranding\u201d, mais bien plus efficace. Et si vous voulez aller plus loin, ajoutez une logique de communication responsable : visuels plus sobres, supports mieux pens\u00e9s, moins de gaspillage graphique. Une identit\u00e9 visuelle bien construite peut \u00eatre belle, claire et plus sobre \u00e0 la fois. <\/p>\n<h2>Cr\u00e9er son identit\u00e9 visuelle soi-m\u00eame vs faire appel \u00e0 un professionnel<\/h2>\n<p>Si vous d\u00e9butez, le DIY reste une bonne porte d&rsquo;entr\u00e9e. Vous apprenez vite, vous gardez la main et vous pouvez avancer sans bloquer votre lancement. En revanche, si votre marque commence \u00e0 vendre s\u00e9rieusement, si vous multipliez les supports ou si vous sentez que tout devient bancal, un pro vous fera gagner du temps et de la coh\u00e9rence. <\/p>\n<ul>\n<li><strong>DIY<\/strong> : budget ma\u00eetris\u00e9, autonomie, d\u00e9marrage rapide.<\/li>\n<li><strong>Pro<\/strong> : m\u00e9thode, recul, d\u00e9clinaisons solides, charte claire.<\/li>\n<li><strong>Mix intelligent<\/strong> : vous posez la strat\u00e9gie, puis vous confiez la r\u00e9alisation au bon interlocuteur.<\/li>\n<\/ul>\n<p>\u00c0 titre personnel, je pense que la meilleure identit\u00e9 visuelle n&rsquo;est pas la plus spectaculaire. C&rsquo;est celle qu&rsquo;on reconna\u00eet tout de suite, sans effort, parce que chaque choix graphique raconte la m\u00eame histoire. Et si vous deviez commencer quelque part d\u00e8s aujourd&rsquo;hui, commencez par \u00e9crire noir sur blanc vos valeurs, votre cible et la sensation que votre marque doit laisser. Le reste devient bien plus simple. <\/p>\n<div style=\"background:#fff8ec;border-left:4px solid #d97706;padding:16px 20px;margin:28px 0;border-radius:6px\">\n<p><strong>\ud83c\udfaf \u00c0 retenir<\/strong><\/p>\n<ul>\n<li>R\u00e9f\u00e9rences, inspirations, tendances : o\u00f9 chercher des id\u00e9es sans copier<\/li>\n<li>Garder une identit\u00e9 visuelle coh\u00e9rente dans la dur\u00e9e sans la figer \u00e0 vie<\/li>\n<li>Cr\u00e9er son identit\u00e9 visuelle soi-m\u00eame vs faire appel \u00e0 un professionnel<\/li>\n<\/ul>\n<\/div>\n<h2>Questions fr\u00e9quentes<\/h2>\n<details>\n<summary><strong>Comprendre ce qu&rsquo;on met vraiment derri\u00e8re \u201cidentit\u00e9 visuelle\u201d : par o\u00f9 commencer&nbsp;?<\/strong><\/summary>\n<p>En partant du concret : identifier son besoin r\u00e9el avant de comparer les options sur creation identit\u00e9 visuelle.<\/p>\n<\/details>\n<details>\n<summary><strong>Quel budget pr\u00e9voir autour de creation identit\u00e9 visuelle&nbsp;?<\/strong><\/summary>\n<p>Les \u00e9carts sont importants selon la qualit\u00e9 et la mise en \u0153uvre. Demander plusieurs devis reste la meilleure fa\u00e7on de se situer.<\/p>\n<\/details>\n<details>\n<summary><strong>Quelles erreurs \u00e9viter&nbsp;?<\/strong><\/summary>\n<p>Se d\u00e9cider sur le seul crit\u00e8re du prix, n\u00e9gliger l&rsquo;entretien et sauter l&rsquo;\u00e9tape de la comparaison.<\/p>\n<\/details>\n","protected":false},"excerpt":{"rendered":"","protected":false},"author":34,"featured_media":999999999,"comment_status":"open","ping_status":"open","sticky":false,"template":"","format":"standard","meta":{"_acf_changed":false,"manual_indexmenow":false,"indexmenow_id_project":0,"footnotes":""},"categories":[1],"tags":[],"class_list":["post-7988","post","type-post","status-publish","format-standard","has-post-thumbnail","hentry","category-a-la-une","generate-columns","tablet-grid-50","mobile-grid-100","grid-parent","grid-25"],"acf":[],"yoast_head":"<!-- This site is optimized with the Yoast SEO Premium plugin v21.3 (Yoast SEO v26.5) - https:\/\/yoast.com\/wordpress\/plugins\/seo\/ -->\n<title>Cr\u00e9ation identit\u00e9 visuelle : les \u00e9tapes cl\u00e9s d&#039;une marque qui marque<\/title>\n<meta name=\"description\" content=\"\u26a1 En brefComprendre ce qu&#039;on met vraiment derri\u00e8re \u201cidentit\u00e9 visuelle\u201dPoser les bases : valeurs, positionnement, cible\u2026 avant m\u00eame de penser\" \/>\n<meta name=\"robots\" content=\"index, follow, max-snippet:-1, max-image-preview:large, max-video-preview:-1\" \/>\n<link rel=\"canonical\" href=\"https:\/\/image-de-marques-44.com\/blog\/a-la-une\/creation-identite-visuelle\/\" \/>\n<meta property=\"og:locale\" content=\"fr_FR\" \/>\n<meta property=\"og:type\" content=\"article\" \/>\n<meta property=\"og:title\" content=\"Cr\u00e9ation identit\u00e9 visuelle : les \u00e9tapes cl\u00e9s d&#039;une marque qui marque\" \/>\n<meta property=\"og:description\" content=\"\u26a1 En brefComprendre ce qu&#039;on met vraiment derri\u00e8re \u201cidentit\u00e9 visuelle\u201dPoser les bases : valeurs, positionnement, cible\u2026 avant m\u00eame de penser\" \/>\n<meta property=\"og:url\" content=\"https:\/\/image-de-marques-44.com\/blog\/a-la-une\/creation-identite-visuelle\/\" \/>\n<meta property=\"og:site_name\" content=\"image-de-marques-44.com\" \/>\n<meta name=\"author\" content=\"Th\u00e9o Rouvier\" \/>\n<meta name=\"twitter:card\" content=\"summary_large_image\" \/>\n<script type=\"application\/ld+json\" class=\"yoast-schema-graph\">{\"@context\":\"https:\/\/schema.org\",\"@graph\":[{\"@type\":\"NewsArticle\",\"@id\":\"https:\/\/image-de-marques-44.com\/blog\/a-la-une\/creation-identite-visuelle\/#article\",\"isPartOf\":{\"@id\":\"https:\/\/image-de-marques-44.com\/blog\/a-la-une\/creation-identite-visuelle\/\"},\"author\":{\"name\":\"Th\u00e9o Rouvier\",\"@id\":\"https:\/\/image-de-marques-44.com\/blog\/#\/schema\/person\/3c864cdc320801e3db34b663e7e3f816\"},\"headline\":\"Cr\u00e9ation identit\u00e9 visuelle : les \u00e9tapes cl\u00e9s d&rsquo;une marque qui marque\",\"datePublished\":\"2026-07-27T22:10:15+00:00\",\"mainEntityOfPage\":{\"@id\":\"https:\/\/image-de-marques-44.com\/blog\/a-la-une\/creation-identite-visuelle\/\"},\"wordCount\":2068,\"commentCount\":0,\"publisher\":{\"@id\":\"https:\/\/image-de-marques-44.com\/blog\/#organization\"},\"image\":{\"@id\":\"https:\/\/image-de-marques-44.com\/blog\/a-la-une\/creation-identite-visuelle\/#primaryimage\"},\"thumbnailUrl\":\"https:\/\/images.pexels.com\/photos\/7661410\/pexels-photo-7661410.jpeg?auto=compress&cs=tinysrgb&fit=crop&h=627&w=1200\",\"articleSection\":[\"\u00c0 la une\"],\"inLanguage\":\"fr-FR\",\"potentialAction\":[{\"@type\":\"CommentAction\",\"name\":\"Comment\",\"target\":[\"https:\/\/image-de-marques-44.com\/blog\/a-la-une\/creation-identite-visuelle\/#respond\"]}]},{\"@type\":\"WebPage\",\"@id\":\"https:\/\/image-de-marques-44.com\/blog\/a-la-une\/creation-identite-visuelle\/\",\"url\":\"https:\/\/image-de-marques-44.com\/blog\/a-la-une\/creation-identite-visuelle\/\",\"name\":\"Cr\u00e9ation identit\u00e9 visuelle : les \u00e9tapes cl\u00e9s d'une marque qui marque\",\"isPartOf\":{\"@id\":\"https:\/\/image-de-marques-44.com\/blog\/#website\"},\"primaryImageOfPage\":{\"@id\":\"https:\/\/image-de-marques-44.com\/blog\/a-la-une\/creation-identite-visuelle\/#primaryimage\"},\"image\":{\"@id\":\"https:\/\/image-de-marques-44.com\/blog\/a-la-une\/creation-identite-visuelle\/#primaryimage\"},\"thumbnailUrl\":\"https:\/\/images.pexels.com\/photos\/7661410\/pexels-photo-7661410.jpeg?auto=compress&cs=tinysrgb&fit=crop&h=627&w=1200\",\"datePublished\":\"2026-07-27T22:10:15+00:00\",\"description\":\"\u26a1 En brefComprendre ce qu'on met vraiment derri\u00e8re \u201cidentit\u00e9 visuelle\u201dPoser les bases : valeurs, positionnement, cible\u2026 avant m\u00eame de penser\",\"inLanguage\":\"fr-FR\",\"potentialAction\":[{\"@type\":\"ReadAction\",\"target\":[\"https:\/\/image-de-marques-44.com\/blog\/a-la-une\/creation-identite-visuelle\/\"]}]},{\"@type\":\"ImageObject\",\"inLanguage\":\"fr-FR\",\"@id\":\"https:\/\/image-de-marques-44.com\/blog\/a-la-une\/creation-identite-visuelle\/#primaryimage\",\"url\":\"https:\/\/images.pexels.com\/photos\/7661410\/pexels-photo-7661410.jpeg?auto=compress&cs=tinysrgb&fit=crop&h=627&w=1200\",\"contentUrl\":\"https:\/\/images.pexels.com\/photos\/7661410\/pexels-photo-7661410.jpeg?auto=compress&cs=tinysrgb&fit=crop&h=627&w=1200\"},{\"@type\":\"WebSite\",\"@id\":\"https:\/\/image-de-marques-44.com\/blog\/#website\",\"url\":\"https:\/\/image-de-marques-44.com\/blog\/\",\"name\":\"image-de-marques-44.com\",\"description\":\"Image de Marques 44, valorisez votre identit\u00e9\",\"publisher\":{\"@id\":\"https:\/\/image-de-marques-44.com\/blog\/#organization\"},\"alternateName\":\"Image de Marques 44, valorisez votre identit\u00e9\",\"potentialAction\":[{\"@type\":\"SearchAction\",\"target\":{\"@type\":\"EntryPoint\",\"urlTemplate\":\"https:\/\/image-de-marques-44.com\/blog\/?s={search_term_string}\"},\"query-input\":{\"@type\":\"PropertyValueSpecification\",\"valueRequired\":true,\"valueName\":\"search_term_string\"}}],\"inLanguage\":\"fr-FR\"},{\"@type\":\"Organization\",\"@id\":\"https:\/\/image-de-marques-44.com\/blog\/#organization\",\"name\":\"Foretsensations.fr\",\"url\":\"https:\/\/image-de-marques-44.com\/blog\/\",\"logo\":{\"@type\":\"ImageObject\",\"inLanguage\":\"fr-FR\",\"@id\":\"https:\/\/image-de-marques-44.com\/blog\/#\/schema\/logo\/image\/\",\"url\":\"https:\/\/image-de-marques-44.com\/blog\/wp-content\/uploads\/2025\/02\/cropped-image-de-marques-44.com_.png\",\"contentUrl\":\"https:\/\/image-de-marques-44.com\/blog\/wp-content\/uploads\/2025\/02\/cropped-image-de-marques-44.com_.png\",\"width\":500,\"height\":100,\"caption\":\"Foretsensations.fr\"},\"image\":{\"@id\":\"https:\/\/image-de-marques-44.com\/blog\/#\/schema\/logo\/image\/\"}},{\"@type\":\"Person\",\"@id\":\"https:\/\/image-de-marques-44.com\/blog\/#\/schema\/person\/3c864cdc320801e3db34b663e7e3f816\",\"name\":\"Th\u00e9o Rouvier\",\"image\":{\"@type\":\"ImageObject\",\"inLanguage\":\"fr-FR\",\"@id\":\"https:\/\/image-de-marques-44.com\/blog\/#\/schema\/person\/image\/\",\"url\":\"https:\/\/image-de-marques-44.com\/blog\/wp-content\/uploads\/2025\/02\/stability-noname-administrator.png\",\"contentUrl\":\"https:\/\/image-de-marques-44.com\/blog\/wp-content\/uploads\/2025\/02\/stability-noname-administrator.png\",\"caption\":\"Th\u00e9o Rouvier\"},\"description\":\"Le web et la communication sont mon m\u00e9tier depuis une dizaine d'ann\u00e9es, entre r\u00e9daction, strat\u00e9gie de contenu et accompagnement de projets en ligne. J'\u00e9cris sur la cr\u00e9ation de site, le marketing digital, l'image de marque et le m\u00e9tier de r\u00e9dacteur web, avec l'envie de rendre ces sujets concrets pour les ind\u00e9pendants et les petites entreprises. J'aime expliquer comment se construit une pr\u00e9sence en ligne cr\u00e9dible, du choix des mots \u00e0 la coh\u00e9rence visuelle, sans recourir au jargon d'agence. Avant de recommander une m\u00e9thode ou un outil, je l'\u00e9prouve sur le terrain et je distingue ce qui marche vraiment des promesses \u00e0 la mode. Je me m\u00e9fie des recettes miracles en marketing, car aucune ne dispense de travail et de r\u00e9gularit\u00e9. Mon angle : donner des rep\u00e8res solides pour communiquer juste et b\u00e2tir une marque qui dure, \u00e0 hauteur de budgets r\u00e9els et d'\u00e9quipes r\u00e9duites.\",\"sameAs\":[\"https:\/\/theorouvier.fr\/\"],\"url\":\"https:\/\/image-de-marques-44.com\/blog\/auteur\/noname\/\"}]}<\/script>\n<!-- \/ Yoast SEO Premium plugin. -->","yoast_head_json":{"title":"Cr\u00e9ation identit\u00e9 visuelle : les \u00e9tapes cl\u00e9s d'une marque qui marque","description":"\u26a1 En brefComprendre ce qu'on met vraiment derri\u00e8re \u201cidentit\u00e9 visuelle\u201dPoser les bases : valeurs, positionnement, cible\u2026 avant m\u00eame de penser","robots":{"index":"index","follow":"follow","max-snippet":"max-snippet:-1","max-image-preview":"max-image-preview:large","max-video-preview":"max-video-preview:-1"},"canonical":"https:\/\/image-de-marques-44.com\/blog\/a-la-une\/creation-identite-visuelle\/","og_locale":"fr_FR","og_type":"article","og_title":"Cr\u00e9ation identit\u00e9 visuelle : les \u00e9tapes cl\u00e9s d'une marque qui marque","og_description":"\u26a1 En brefComprendre ce qu'on met vraiment derri\u00e8re \u201cidentit\u00e9 visuelle\u201dPoser les bases : valeurs, positionnement, cible\u2026 avant m\u00eame de penser","og_url":"https:\/\/image-de-marques-44.com\/blog\/a-la-une\/creation-identite-visuelle\/","og_site_name":"image-de-marques-44.com","author":"Th\u00e9o Rouvier","twitter_card":"summary_large_image","schema":{"@context":"https:\/\/schema.org","@graph":[{"@type":"NewsArticle","@id":"https:\/\/image-de-marques-44.com\/blog\/a-la-une\/creation-identite-visuelle\/#article","isPartOf":{"@id":"https:\/\/image-de-marques-44.com\/blog\/a-la-une\/creation-identite-visuelle\/"},"author":{"name":"Th\u00e9o Rouvier","@id":"https:\/\/image-de-marques-44.com\/blog\/#\/schema\/person\/3c864cdc320801e3db34b663e7e3f816"},"headline":"Cr\u00e9ation identit\u00e9 visuelle : les \u00e9tapes cl\u00e9s d&rsquo;une marque qui marque","datePublished":"2026-07-27T22:10:15+00:00","mainEntityOfPage":{"@id":"https:\/\/image-de-marques-44.com\/blog\/a-la-une\/creation-identite-visuelle\/"},"wordCount":2068,"commentCount":0,"publisher":{"@id":"https:\/\/image-de-marques-44.com\/blog\/#organization"},"image":{"@id":"https:\/\/image-de-marques-44.com\/blog\/a-la-une\/creation-identite-visuelle\/#primaryimage"},"thumbnailUrl":"https:\/\/images.pexels.com\/photos\/7661410\/pexels-photo-7661410.jpeg?auto=compress&cs=tinysrgb&fit=crop&h=627&w=1200","articleSection":["\u00c0 la une"],"inLanguage":"fr-FR","potentialAction":[{"@type":"CommentAction","name":"Comment","target":["https:\/\/image-de-marques-44.com\/blog\/a-la-une\/creation-identite-visuelle\/#respond"]}]},{"@type":"WebPage","@id":"https:\/\/image-de-marques-44.com\/blog\/a-la-une\/creation-identite-visuelle\/","url":"https:\/\/image-de-marques-44.com\/blog\/a-la-une\/creation-identite-visuelle\/","name":"Cr\u00e9ation identit\u00e9 visuelle : les \u00e9tapes cl\u00e9s d'une marque qui marque","isPartOf":{"@id":"https:\/\/image-de-marques-44.com\/blog\/#website"},"primaryImageOfPage":{"@id":"https:\/\/image-de-marques-44.com\/blog\/a-la-une\/creation-identite-visuelle\/#primaryimage"},"image":{"@id":"https:\/\/image-de-marques-44.com\/blog\/a-la-une\/creation-identite-visuelle\/#primaryimage"},"thumbnailUrl":"https:\/\/images.pexels.com\/photos\/7661410\/pexels-photo-7661410.jpeg?auto=compress&cs=tinysrgb&fit=crop&h=627&w=1200","datePublished":"2026-07-27T22:10:15+00:00","description":"\u26a1 En brefComprendre ce qu'on met vraiment derri\u00e8re \u201cidentit\u00e9 visuelle\u201dPoser les bases : valeurs, positionnement, cible\u2026 avant m\u00eame de penser","inLanguage":"fr-FR","potentialAction":[{"@type":"ReadAction","target":["https:\/\/image-de-marques-44.com\/blog\/a-la-une\/creation-identite-visuelle\/"]}]},{"@type":"ImageObject","inLanguage":"fr-FR","@id":"https:\/\/image-de-marques-44.com\/blog\/a-la-une\/creation-identite-visuelle\/#primaryimage","url":"https:\/\/images.pexels.com\/photos\/7661410\/pexels-photo-7661410.jpeg?auto=compress&cs=tinysrgb&fit=crop&h=627&w=1200","contentUrl":"https:\/\/images.pexels.com\/photos\/7661410\/pexels-photo-7661410.jpeg?auto=compress&cs=tinysrgb&fit=crop&h=627&w=1200"},{"@type":"WebSite","@id":"https:\/\/image-de-marques-44.com\/blog\/#website","url":"https:\/\/image-de-marques-44.com\/blog\/","name":"image-de-marques-44.com","description":"Image de Marques 44, valorisez votre identit\u00e9","publisher":{"@id":"https:\/\/image-de-marques-44.com\/blog\/#organization"},"alternateName":"Image de Marques 44, valorisez votre identit\u00e9","potentialAction":[{"@type":"SearchAction","target":{"@type":"EntryPoint","urlTemplate":"https:\/\/image-de-marques-44.com\/blog\/?s={search_term_string}"},"query-input":{"@type":"PropertyValueSpecification","valueRequired":true,"valueName":"search_term_string"}}],"inLanguage":"fr-FR"},{"@type":"Organization","@id":"https:\/\/image-de-marques-44.com\/blog\/#organization","name":"Foretsensations.fr","url":"https:\/\/image-de-marques-44.com\/blog\/","logo":{"@type":"ImageObject","inLanguage":"fr-FR","@id":"https:\/\/image-de-marques-44.com\/blog\/#\/schema\/logo\/image\/","url":"https:\/\/image-de-marques-44.com\/blog\/wp-content\/uploads\/2025\/02\/cropped-image-de-marques-44.com_.png","contentUrl":"https:\/\/image-de-marques-44.com\/blog\/wp-content\/uploads\/2025\/02\/cropped-image-de-marques-44.com_.png","width":500,"height":100,"caption":"Foretsensations.fr"},"image":{"@id":"https:\/\/image-de-marques-44.com\/blog\/#\/schema\/logo\/image\/"}},{"@type":"Person","@id":"https:\/\/image-de-marques-44.com\/blog\/#\/schema\/person\/3c864cdc320801e3db34b663e7e3f816","name":"Th\u00e9o Rouvier","image":{"@type":"ImageObject","inLanguage":"fr-FR","@id":"https:\/\/image-de-marques-44.com\/blog\/#\/schema\/person\/image\/","url":"https:\/\/image-de-marques-44.com\/blog\/wp-content\/uploads\/2025\/02\/stability-noname-administrator.png","contentUrl":"https:\/\/image-de-marques-44.com\/blog\/wp-content\/uploads\/2025\/02\/stability-noname-administrator.png","caption":"Th\u00e9o Rouvier"},"description":"Le web et la communication sont mon m\u00e9tier depuis une dizaine d'ann\u00e9es, entre r\u00e9daction, strat\u00e9gie de contenu et accompagnement de projets en ligne. J'\u00e9cris sur la cr\u00e9ation de site, le marketing digital, l'image de marque et le m\u00e9tier de r\u00e9dacteur web, avec l'envie de rendre ces sujets concrets pour les ind\u00e9pendants et les petites entreprises. J'aime expliquer comment se construit une pr\u00e9sence en ligne cr\u00e9dible, du choix des mots \u00e0 la coh\u00e9rence visuelle, sans recourir au jargon d'agence. Avant de recommander une m\u00e9thode ou un outil, je l'\u00e9prouve sur le terrain et je distingue ce qui marche vraiment des promesses \u00e0 la mode. Je me m\u00e9fie des recettes miracles en marketing, car aucune ne dispense de travail et de r\u00e9gularit\u00e9. Mon angle : donner des rep\u00e8res solides pour communiquer juste et b\u00e2tir une marque qui dure, \u00e0 hauteur de budgets r\u00e9els et d'\u00e9quipes r\u00e9duites.","sameAs":["https:\/\/theorouvier.fr\/"],"url":"https:\/\/image-de-marques-44.com\/blog\/auteur\/noname\/"}]}},"_links":{"self":[{"href":"https:\/\/image-de-marques-44.com\/blog\/wp-json\/wp\/v2\/posts\/7988","targetHints":{"allow":["GET"]}}],"collection":[{"href":"https:\/\/image-de-marques-44.com\/blog\/wp-json\/wp\/v2\/posts"}],"about":[{"href":"https:\/\/image-de-marques-44.com\/blog\/wp-json\/wp\/v2\/types\/post"}],"author":[{"embeddable":true,"href":"https:\/\/image-de-marques-44.com\/blog\/wp-json\/wp\/v2\/users\/34"}],"replies":[{"embeddable":true,"href":"https:\/\/image-de-marques-44.com\/blog\/wp-json\/wp\/v2\/comments?post=7988"}],"version-history":[{"count":0,"href":"https:\/\/image-de-marques-44.com\/blog\/wp-json\/wp\/v2\/posts\/7988\/revisions"}],"wp:attachment":[{"href":"https:\/\/image-de-marques-44.com\/blog\/wp-json\/wp\/v2\/media?parent=7988"}],"wp:term":[{"taxonomy":"category","embeddable":true,"href":"https:\/\/image-de-marques-44.com\/blog\/wp-json\/wp\/v2\/categories?post=7988"},{"taxonomy":"post_tag","embeddable":true,"href":"https:\/\/image-de-marques-44.com\/blog\/wp-json\/wp\/v2\/tags?post=7988"}],"curies":[{"name":"wp","href":"https:\/\/api.w.org\/{rel}","templated":true}]}}